{"id":3745,"date":"2024-12-11T09:43:34","date_gmt":"2024-12-11T08:43:34","guid":{"rendered":"https:\/\/agora.xtec.cat\/esc-lasiniamolins\/?p=3745"},"modified":"2024-12-13T09:50:41","modified_gmt":"2024-12-13T08:50:41","slug":"24-25-tret-de-sortida-tematica-invents","status":"publish","type":"post","link":"https:\/\/agora.xtec.cat\/esc-lasiniamolins\/general\/24-25-tret-de-sortida-tematica-invents\/","title":{"rendered":"24-25 TRET DE SORTIDA TEM\u00c0TICA: INVENTS"},"content":{"rendered":"<p style=\"text-align: justify;\">Ei, ei, ei!!! Fam\u00edlies, sabeu qu\u00e8 ha passat??? Ens ha desaparegut la S\u00ednia!!!! I ara que farem???<\/p>\n<p style=\"text-align: justify;\">Quin dimecres m\u00e9s esbojarrat, ens haurem de posar les piles i comen\u00e7ar a investigar, per\u00f2 per on??? Un moment&#8230; qui s\u00f3n aquests dos de bata blanca&#8230;<\/p>\n<p style=\"text-align: justify;\">L&#8217;Andr\u00f2mina ens explica que est\u00e0 buscant el seu company d&#8217;investigaci\u00f3 en Rampoines. Ahir va sentir una explosi\u00f3 i creu que ha estat ell mentre investigava en el seu \u00faltim invent.<\/p>\n<p style=\"text-align: justify;\">I&#8230; efectivament, per\u00f2 ha perdut la mem\u00f2ria!!! Comencem a lligar fils i veiem que si volem recuperar la S\u00ednia, haurem de fer que en Rampoines recuperi la mem\u00f2ria.<\/p>\n<p style=\"text-align: justify;\">L&#8217;Andr\u00f2mina i el Dr. Lapsus ens expliquen que \u00e9s de vital import\u00e0ncia fer-lo recordar i, que en tenim 10 dies per aconseguir que mitjan\u00e7ant els invents de la hist\u00f2ria, recordi qui \u00e9s i que estava fent en el moment de l&#8217;explosi\u00f3, per\u00f2&#8230; aix\u00f2 no \u00e9s tot. Com que t\u00e9 afectada una part neuronal important, nom\u00e9s tenim dos intents per aconseguir que li tornin al cap els records dels moments previs a l&#8217;explosi\u00f3 i poder recuperar la S\u00ednia.<\/p>\n<p style=\"text-align: justify;\">Uf!!! Quina feinada, tots els grups tenim clar que l&#8217;ajudarem i ens posarem a treballar els m\u00e9s aviat possible. Durant la setmana ens especialitzarem en tallers centrats a fabricar, produir, pensar, crear i posar en marxa els invents m\u00e9s esbojarrats i els que han format part de la hist\u00f2ria. Ho aconseguirem?? Nom\u00e9s el dia 18 ho sabrem&#8230; Us mantindrem informades fam\u00edlies!!! Estigueu atents i atentes!!<\/p>\n<p><a href=\"https:\/\/photos.app.goo.gl\/CD6caMEw1ihtUf7c8\">Mireu, mireu!!!<\/a><\/p>\n<p><img loading=\"lazy\" decoding=\"async\" class=\"aligncenter wp-image-3749 \" src=\"https:\/\/agora.xtec.cat\/esc-lasiniamolins\/wp-content\/uploads\/usu2018\/2024\/12\/PORTADA-ARTICLE-TRET-1.jpg\" alt=\"\" width=\"377\" height=\"474\" srcset=\"https:\/\/agora.xtec.cat\/esc-lasiniamolins\/wp-content\/uploads\/usu2018\/2024\/12\/PORTADA-ARTICLE-TRET-1.jpg 594w, https:\/\/agora.xtec.cat\/esc-lasiniamolins\/wp-content\/uploads\/usu2018\/2024\/12\/PORTADA-ARTICLE-TRET-1-238x300.jpg 238w\" sizes=\"auto, (max-width: 377px) 100vw, 377px\" \/><\/p>\n<p>&nbsp;<\/p>\n","protected":false},"excerpt":{"rendered":"<p>Ei, ei, ei!!! Fam\u00edlies, sabeu qu\u00e8 ha passat??? Ens ha desaparegut la S\u00ednia!!!! I ara que farem???<br \/>\nQuin dimecres m\u00e9s esbojarrat, ens haurem de posar les piles i comen\u00e7ar a investigar, per\u00f2 per on??? Un moment&#8230; qui s\u00f3n aquests dos de bata blanca&#8230;<br \/>\nL&#8217;Andr\u00f2mina ens explica que&hellip;  <a href=\"https:\/\/agora.xtec.cat\/esc-lasiniamolins\/general\/24-25-tret-de-sortida-tematica-invents\/\" title=\"Read 24-25 TRET DE SORTIDA TEM\u00c0TICA: INVENTS\">Llegeix m\u00e9s\u00bb<\/a><\/p>\n","protected":false},"author":1,"featured_media":0,"comment_status":"open","ping_status":"closed","sticky":false,"template":"","format":"standard","meta":{"_bbp_topic_count":0,"_bbp_reply_count":0,"_bbp_total_topic_count":0,"_bbp_total_reply_count":0,"_bbp_voice_count":0,"_bbp_anonymous_reply_count":0,"_bbp_topic_count_hidden":0,"_bbp_reply_count_hidden":0,"_bbp_forum_subforum_count":0,"footnotes":""},"categories":[10,11,12,14,15,209,208,3,8,9,207,1],"tags":[479,508,495,129,169],"class_list":["post-3745","post","type-post","status-publish","format-standard","hentry","category-1r","category-2n","category-3r","category-5e","category-6e","category-grans","category-mitjans","category-p3","category-p4","category-p5","category-petits","category-general","tag-curs-24-25","tag-invents","tag-projectes-24-25","tag-projectes-de-centre","tag-setmana-tematica"],"post_mailing_queue_ids":[],"_links":{"self":[{"href":"https:\/\/agora.xtec.cat\/esc-lasiniamolins\/wp-json\/wp\/v2\/posts\/3745","targetHints":{"allow":["GET"]}}],"collection":[{"href":"https:\/\/agora.xtec.cat\/esc-lasiniamolins\/wp-json\/wp\/v2\/posts"}],"about":[{"href":"https:\/\/agora.xtec.cat\/esc-lasiniamolins\/wp-json\/wp\/v2\/types\/post"}],"author":[{"embeddable":true,"href":"https:\/\/agora.xtec.cat\/esc-lasiniamolins\/wp-json\/wp\/v2\/users\/1"}],"replies":[{"embeddable":true,"href":"https:\/\/agora.xtec.cat\/esc-lasiniamolins\/wp-json\/wp\/v2\/comments?post=3745"}],"version-history":[{"count":6,"href":"https:\/\/agora.xtec.cat\/esc-lasiniamolins\/wp-json\/wp\/v2\/posts\/3745\/revisions"}],"predecessor-version":[{"id":3756,"href":"https:\/\/agora.xtec.cat\/esc-lasiniamolins\/wp-json\/wp\/v2\/posts\/3745\/revisions\/3756"}],"wp:attachment":[{"href":"https:\/\/agora.xtec.cat\/esc-lasiniamolins\/wp-json\/wp\/v2\/media?parent=3745"}],"wp:term":[{"taxonomy":"category","embeddable":true,"href":"https:\/\/agora.xtec.cat\/esc-lasiniamolins\/wp-json\/wp\/v2\/categories?post=3745"},{"taxonomy":"post_tag","embeddable":true,"href":"https:\/\/agora.xtec.cat\/esc-lasiniamolins\/wp-json\/wp\/v2\/tags?post=3745"}],"curies":[{"name":"wp","href":"https:\/\/api.w.org\/{rel}","templated":true}]}}