{"id":3707,"date":"2024-12-09T08:29:13","date_gmt":"2024-12-09T07:29:13","guid":{"rendered":"https:\/\/agora.xtec.cat\/esc-lasiniamolins\/?p=3707"},"modified":"2024-12-09T08:29:13","modified_gmt":"2024-12-09T07:29:13","slug":"el-projecte-de-la-nostra-muntanya-a-1r","status":"publish","type":"post","link":"https:\/\/agora.xtec.cat\/esc-lasiniamolins\/general\/el-projecte-de-la-nostra-muntanya-a-1r\/","title":{"rendered":"EL PROJECTE DE LA NOSTRA MUNTANYA A 1R"},"content":{"rendered":"<p>Els infants de primer hem estat treballant en el projecte de la muntanya a partir de les mostres que van trobar a la sortida dels seus cims. Despres de tot un proc\u00e9s de treball de mesures i classificacions, hem muntat aquesta exposici\u00f3 que <span style=\"font-weight: 400;\">s&#8217;inspira en el llenguatge visual i conceptual de <\/span><b>Chiharu Shiota<\/b><span style=\"font-weight: 400;\">, reconeguda per les seves instal\u00b7lacions immersives que combinen fils intricats amb objectes quotidians per explorar temes com la mem\u00f2ria, la connexi\u00f3 humana i l&#8217;exist\u00e8ncia. Aquesta instal\u00b7laci\u00f3 pret\u00e9n reflectir la seva capacitat d&#8217;entrella\u00e7ar fils que simbolitzen lligams invisibles, traject\u00f2ries personals i emocions compartides, creant un espai que convida l&#8217;espectador a reflexionar sobre les relacions entre els individus, el temps i la natura.<\/span><\/p>\n<p><span style=\"font-weight: 400;\">Un <\/span><b>\u00c9SSER VIU<\/b><span style=\"font-weight: 400;\"> \u00e9s qualsevol organisme que t\u00e9 vida. Neix, pot cr\u00e9ixer, reproduir-se, respondre al seu entorn i dur a terme funcions vitals com alimentar-se i respirar. Exemples d&#8217;\u00e9ssers vius s\u00f3n els animals, les plantes, els fongs i els bacteris.<\/span><\/p>\n<p><span style=\"font-weight: 400;\">Un <\/span><b>\u00c9SSER INERT<\/b><span style=\"font-weight: 400;\">, en canvi, \u00e9s un objecte o material que no t\u00e9 vida. No creix, no es mou per si sol, ni fa funcions vitals. Si s\u00f3n originaris de la natura en diem <\/span><b>NATURALS<\/b><span style=\"font-weight: 400;\">,\u00a0 si han patit alguna transformaci\u00f3 severa o l\u2019han constru\u00eft els humans s\u2019anomenen <\/span><b>ARTIFICIALS<\/b><\/p>\n<p><span style=\"font-weight: 400;\">La difer\u00e8ncia principal \u00e9s que els \u00e9ssers vius tenen vida i els inerts no.<\/span><\/p>\n<p><img loading=\"lazy\" decoding=\"async\" class=\"aligncenter size-full wp-image-3708\" src=\"https:\/\/agora.xtec.cat\/esc-lasiniamolins\/wp-content\/uploads\/usu2018\/2024\/12\/muntanya.jpg\" alt=\"\" width=\"960\" height=\"720\" srcset=\"https:\/\/agora.xtec.cat\/esc-lasiniamolins\/wp-content\/uploads\/usu2018\/2024\/12\/muntanya.jpg 960w, https:\/\/agora.xtec.cat\/esc-lasiniamolins\/wp-content\/uploads\/usu2018\/2024\/12\/muntanya-300x225.jpg 300w, https:\/\/agora.xtec.cat\/esc-lasiniamolins\/wp-content\/uploads\/usu2018\/2024\/12\/muntanya-768x576.jpg 768w, https:\/\/agora.xtec.cat\/esc-lasiniamolins\/wp-content\/uploads\/usu2018\/2024\/12\/muntanya-200x150.jpg 200w\" sizes=\"auto, (max-width: 960px) 100vw, 960px\" \/><\/p>\n<p><span style=\"font-weight: 400;\">Aquesta producci\u00f3 art\u00edstica ens mostra aquest recorregut i el resultat<\/span><span style=\"font-weight: 400;\"> d\u2019una intensa investigaci\u00f3 i classificaci\u00f3 segons un criteri cient\u00edfic:<\/span><b>\u00a0<\/b><b>\u00c9SSERS VIUS i \u00c9SSERS INERTS (NATURALS i ARTIFICIALS)<\/b><\/p>\n","protected":false},"excerpt":{"rendered":"<p>Els infants de primer hem estat treballant en el projecte de la muntanya a partir de les mostres que van trobar a la sortida dels seus cims. Despres de tot un proc\u00e9s de treball de mesures i classificacions, hem muntat aquesta exposici\u00f3 que s&#8217;inspira en&hellip;  <a href=\"https:\/\/agora.xtec.cat\/esc-lasiniamolins\/general\/el-projecte-de-la-nostra-muntanya-a-1r\/\" title=\"Read EL PROJECTE DE LA NOSTRA MUNTANYA A 1R\">Llegeix m\u00e9s\u00bb<\/a><\/p>\n","protected":false},"author":8,"featured_media":0,"comment_status":"open","ping_status":"closed","sticky":false,"template":"","format":"standard","meta":{"_bbp_topic_count":0,"_bbp_reply_count":0,"_bbp_total_topic_count":0,"_bbp_total_reply_count":0,"_bbp_voice_count":0,"_bbp_anonymous_reply_count":0,"_bbp_topic_count_hidden":0,"_bbp_reply_count_hidden":0,"_bbp_forum_subforum_count":0,"footnotes":""},"categories":[10,208,4,1],"tags":[102,418,476,106,105],"class_list":["post-3707","post","type-post","status-publish","format-standard","hentry","category-1r","category-mitjans","category-portada","category-general","tag-1r","tag-la-nostra-muntanya","tag-mitjans","tag-puig-dolorda","tag-puig-madrona"],"post_mailing_queue_ids":[],"_links":{"self":[{"href":"https:\/\/agora.xtec.cat\/esc-lasiniamolins\/wp-json\/wp\/v2\/posts\/3707","targetHints":{"allow":["GET"]}}],"collection":[{"href":"https:\/\/agora.xtec.cat\/esc-lasiniamolins\/wp-json\/wp\/v2\/posts"}],"about":[{"href":"https:\/\/agora.xtec.cat\/esc-lasiniamolins\/wp-json\/wp\/v2\/types\/post"}],"author":[{"embeddable":true,"href":"https:\/\/agora.xtec.cat\/esc-lasiniamolins\/wp-json\/wp\/v2\/users\/8"}],"replies":[{"embeddable":true,"href":"https:\/\/agora.xtec.cat\/esc-lasiniamolins\/wp-json\/wp\/v2\/comments?post=3707"}],"version-history":[{"count":3,"href":"https:\/\/agora.xtec.cat\/esc-lasiniamolins\/wp-json\/wp\/v2\/posts\/3707\/revisions"}],"predecessor-version":[{"id":3731,"href":"https:\/\/agora.xtec.cat\/esc-lasiniamolins\/wp-json\/wp\/v2\/posts\/3707\/revisions\/3731"}],"wp:attachment":[{"href":"https:\/\/agora.xtec.cat\/esc-lasiniamolins\/wp-json\/wp\/v2\/media?parent=3707"}],"wp:term":[{"taxonomy":"category","embeddable":true,"href":"https:\/\/agora.xtec.cat\/esc-lasiniamolins\/wp-json\/wp\/v2\/categories?post=3707"},{"taxonomy":"post_tag","embeddable":true,"href":"https:\/\/agora.xtec.cat\/esc-lasiniamolins\/wp-json\/wp\/v2\/tags?post=3707"}],"curies":[{"name":"wp","href":"https:\/\/api.w.org\/{rel}","templated":true}]}}