{"id":3702,"date":"2024-11-29T12:45:10","date_gmt":"2024-11-29T11:45:10","guid":{"rendered":"https:\/\/agora.xtec.cat\/esc-lasiniamolins\/?p=3702"},"modified":"2024-11-29T12:45:10","modified_gmt":"2024-11-29T11:45:10","slug":"accio-pel-nostre-pati","status":"publish","type":"post","link":"https:\/\/agora.xtec.cat\/esc-lasiniamolins\/portada\/accio-pel-nostre-pati\/","title":{"rendered":"Acci\u00f3 pel nostre pati"},"content":{"rendered":"<p dir=\"ltr\">Els nens i les nenes de 3r el Montcau hem constru\u00eft 3 menjadores i 3 casetes d\u2019ocells pel pati de l\u2019escola.<\/p>\n<p dir=\"ltr\">Ho hem fet per ajudar als ocells. Amb les menjadores els hi facilitem el menjar perqu\u00e8 a l\u2019hivern no en troben tant i amb les casetes els oferim un lloc on poder criar i descansar.<\/p>\n<p dir=\"ltr\">Ten\u00edem ganes de fer una intervenci\u00f3 humana positiva al nostre entorn, despr\u00e9s de descobrir quines intervencions han fet els humans amb la flora i quins ecosistemes s\u00f3n propis del Parc Natural de Collserola.<\/p>\n<p dir=\"ltr\"><img loading=\"lazy\" decoding=\"async\" class=\"aligncenter size-large wp-image-3704\" src=\"https:\/\/agora.xtec.cat\/esc-lasiniamolins\/wp-content\/uploads\/usu2018\/2024\/11\/WhatsApp-Image-2024-11-29-at-10.21.38-1-1024x768.jpeg\" alt=\"\" width=\"1024\" height=\"768\" srcset=\"https:\/\/agora.xtec.cat\/esc-lasiniamolins\/wp-content\/uploads\/usu2018\/2024\/11\/WhatsApp-Image-2024-11-29-at-10.21.38-1-1024x768.jpeg 1024w, https:\/\/agora.xtec.cat\/esc-lasiniamolins\/wp-content\/uploads\/usu2018\/2024\/11\/WhatsApp-Image-2024-11-29-at-10.21.38-1-300x225.jpeg 300w, https:\/\/agora.xtec.cat\/esc-lasiniamolins\/wp-content\/uploads\/usu2018\/2024\/11\/WhatsApp-Image-2024-11-29-at-10.21.38-1-768x576.jpeg 768w, https:\/\/agora.xtec.cat\/esc-lasiniamolins\/wp-content\/uploads\/usu2018\/2024\/11\/WhatsApp-Image-2024-11-29-at-10.21.38-1-1536x1152.jpeg 1536w, https:\/\/agora.xtec.cat\/esc-lasiniamolins\/wp-content\/uploads\/usu2018\/2024\/11\/WhatsApp-Image-2024-11-29-at-10.21.38-1-200x150.jpeg 200w, https:\/\/agora.xtec.cat\/esc-lasiniamolins\/wp-content\/uploads\/usu2018\/2024\/11\/WhatsApp-Image-2024-11-29-at-10.21.38-1.jpeg 1600w\" sizes=\"auto, (max-width: 1024px) 100vw, 1024px\" \/> <img loading=\"lazy\" decoding=\"async\" class=\"aligncenter size-large wp-image-3703\" src=\"https:\/\/agora.xtec.cat\/esc-lasiniamolins\/wp-content\/uploads\/usu2018\/2024\/11\/WhatsApp-Image-2024-11-29-at-10.21.38-1024x768.jpeg\" alt=\"\" width=\"1024\" height=\"768\" srcset=\"https:\/\/agora.xtec.cat\/esc-lasiniamolins\/wp-content\/uploads\/usu2018\/2024\/11\/WhatsApp-Image-2024-11-29-at-10.21.38-1024x768.jpeg 1024w, https:\/\/agora.xtec.cat\/esc-lasiniamolins\/wp-content\/uploads\/usu2018\/2024\/11\/WhatsApp-Image-2024-11-29-at-10.21.38-300x225.jpeg 300w, https:\/\/agora.xtec.cat\/esc-lasiniamolins\/wp-content\/uploads\/usu2018\/2024\/11\/WhatsApp-Image-2024-11-29-at-10.21.38-768x576.jpeg 768w, https:\/\/agora.xtec.cat\/esc-lasiniamolins\/wp-content\/uploads\/usu2018\/2024\/11\/WhatsApp-Image-2024-11-29-at-10.21.38-1536x1152.jpeg 1536w, https:\/\/agora.xtec.cat\/esc-lasiniamolins\/wp-content\/uploads\/usu2018\/2024\/11\/WhatsApp-Image-2024-11-29-at-10.21.38-200x150.jpeg 200w, https:\/\/agora.xtec.cat\/esc-lasiniamolins\/wp-content\/uploads\/usu2018\/2024\/11\/WhatsApp-Image-2024-11-29-at-10.21.38.jpeg 1600w\" sizes=\"auto, (max-width: 1024px) 100vw, 1024px\" \/><\/p>\n","protected":false},"excerpt":{"rendered":"<p>Els nens i les nenes de 3r el Montcau hem constru\u00eft 3 menjadores i 3 casetes d\u2019ocells pel pati de l\u2019escola.<br \/>\nHo hem fet per ajudar als ocells. Amb les menjadores els hi facilitem el menjar perqu\u00e8 a l\u2019hivern no en troben tant i amb les&hellip;  <a href=\"https:\/\/agora.xtec.cat\/esc-lasiniamolins\/portada\/accio-pel-nostre-pati\/\" title=\"Read Acci\u00f3 pel nostre pati\">Llegeix m\u00e9s\u00bb<\/a><\/p>\n","protected":false},"author":1,"featured_media":0,"comment_status":"open","ping_status":"closed","sticky":false,"template":"","format":"standard","meta":{"_bbp_topic_count":0,"_bbp_reply_count":0,"_bbp_total_topic_count":0,"_bbp_total_reply_count":0,"_bbp_voice_count":0,"_bbp_anonymous_reply_count":0,"_bbp_topic_count_hidden":0,"_bbp_reply_count_hidden":0,"_bbp_forum_subforum_count":0,"footnotes":""},"categories":[12,208,4],"tags":[64,485,66,476,497,252],"class_list":["post-3702","post","type-post","status-publish","format-standard","hentry","category-3r","category-mitjans","category-portada","tag-3r","tag-curs-2024-25","tag-el-montcau","tag-mitjans","tag-projecte-3r","tag-projecte-muntanya"],"post_mailing_queue_ids":[],"_links":{"self":[{"href":"https:\/\/agora.xtec.cat\/esc-lasiniamolins\/wp-json\/wp\/v2\/posts\/3702","targetHints":{"allow":["GET"]}}],"collection":[{"href":"https:\/\/agora.xtec.cat\/esc-lasiniamolins\/wp-json\/wp\/v2\/posts"}],"about":[{"href":"https:\/\/agora.xtec.cat\/esc-lasiniamolins\/wp-json\/wp\/v2\/types\/post"}],"author":[{"embeddable":true,"href":"https:\/\/agora.xtec.cat\/esc-lasiniamolins\/wp-json\/wp\/v2\/users\/1"}],"replies":[{"embeddable":true,"href":"https:\/\/agora.xtec.cat\/esc-lasiniamolins\/wp-json\/wp\/v2\/comments?post=3702"}],"version-history":[{"count":1,"href":"https:\/\/agora.xtec.cat\/esc-lasiniamolins\/wp-json\/wp\/v2\/posts\/3702\/revisions"}],"predecessor-version":[{"id":3705,"href":"https:\/\/agora.xtec.cat\/esc-lasiniamolins\/wp-json\/wp\/v2\/posts\/3702\/revisions\/3705"}],"wp:attachment":[{"href":"https:\/\/agora.xtec.cat\/esc-lasiniamolins\/wp-json\/wp\/v2\/media?parent=3702"}],"wp:term":[{"taxonomy":"category","embeddable":true,"href":"https:\/\/agora.xtec.cat\/esc-lasiniamolins\/wp-json\/wp\/v2\/categories?post=3702"},{"taxonomy":"post_tag","embeddable":true,"href":"https:\/\/agora.xtec.cat\/esc-lasiniamolins\/wp-json\/wp\/v2\/tags?post=3702"}],"curies":[{"name":"wp","href":"https:\/\/api.w.org\/{rel}","templated":true}]}}