{"id":3691,"date":"2024-11-25T16:30:08","date_gmt":"2024-11-25T15:30:08","guid":{"rendered":"https:\/\/agora.xtec.cat\/esc-lasiniamolins\/?p=3691"},"modified":"2024-11-22T15:48:26","modified_gmt":"2024-11-22T14:48:26","slug":"les-nostres-colonies","status":"publish","type":"post","link":"https:\/\/agora.xtec.cat\/esc-lasiniamolins\/portada\/les-nostres-colonies\/","title":{"rendered":"Les nostres col\u00f2nies a prop del mar!"},"content":{"rendered":"<p>Del 19 al 22 de novembre, cinqu\u00e8 hem viscut unes col\u00f2nies inoblidables al camp d\u2019aprenentatge d\u2019Emp\u00faries. Amb el conte d\u2019en M\u00e0rius i el robatori d\u2019un tresor de l\u2019\u00e8poca grega com a fil conductor, hem apr\u00e8s i gaudit en un entorn \u00fanic.<\/p>\n<p>El primer dia vam explorar els <strong>aiguamolls de l\u2019Empord\u00e0<\/strong>, observant la fauna del territori. El segon dia ens vam traslladar a les <strong>ru\u00efnes d\u2019Emp\u00faries<\/strong>, descobrint la vida dels antics grecs i romans. Finalment, vam gaudir de tallers sobre <strong>rastres, sorra, petxines i dunes<\/strong>, treballant la import\u00e0ncia del <strong>territori dunar,\u00a0<\/strong>tot mesurant les condicions ambientals per comparar-les amb les del Montseny.<\/p>\n<p>Han estat uns dies plens de descobertes, natura i hist\u00f2ria que sempre recordarem!<\/p>\n<p><a href=\"https:\/\/photos.app.goo.gl\/piT1EiNdTkzzdmDS6\"><img loading=\"lazy\" decoding=\"async\" class=\"aligncenter\" src=\"https:\/\/lh3.googleusercontent.com\/pw\/AP1GczOFR3kVjnC35l7Eg1fe9yn1TYeLHWJJ8T27omUDSmRViSji1SscT-G6Dw2XXHDZ1NV9NOT3d1CBIN753P7BSIDZBTrv-WvpyRbF1bGXwg0JtvcPP9fybAAoAcneIdk5mJdikB66IKRlOdrp7BHIoSxx=w1103-h828-s-no-gm?authuser=2\" alt=\"\" width=\"1103\" height=\"828\" \/><\/a><\/p>\n","protected":false},"excerpt":{"rendered":"<p>Del 19 al 22 de novembre, cinqu\u00e8 hem viscut unes col\u00f2nies inoblidables al camp d\u2019aprenentatge d\u2019Emp\u00faries. Amb el conte d\u2019en M\u00e0rius i el robatori d\u2019un tresor de l\u2019\u00e8poca grega com a fil conductor, hem apr\u00e8s i gaudit en un entorn \u00fanic.<br \/>\nEl primer dia vam explorar&hellip;  <a href=\"https:\/\/agora.xtec.cat\/esc-lasiniamolins\/portada\/les-nostres-colonies\/\" title=\"Read Les nostres col\u00f2nies a prop del mar!\">Llegeix m\u00e9s\u00bb<\/a><\/p>\n","protected":false},"author":1,"featured_media":0,"comment_status":"open","ping_status":"closed","sticky":false,"template":"","format":"standard","meta":{"_bbp_topic_count":0,"_bbp_reply_count":0,"_bbp_total_topic_count":0,"_bbp_total_reply_count":0,"_bbp_voice_count":0,"_bbp_anonymous_reply_count":0,"_bbp_topic_count_hidden":0,"_bbp_reply_count_hidden":0,"_bbp_forum_subforum_count":0,"footnotes":""},"categories":[14,209,4],"tags":[72,101,485,504,503,74,91,505,75],"class_list":["post-3691","post","type-post","status-publish","format-standard","hentry","category-5e","category-grans","category-portada","tag-5e","tag-colonies","tag-curs-2024-25","tag-empuries","tag-escala","tag-matagalls","tag-projecte","tag-territori-dunar","tag-turo-de-lhome"],"post_mailing_queue_ids":[],"_links":{"self":[{"href":"https:\/\/agora.xtec.cat\/esc-lasiniamolins\/wp-json\/wp\/v2\/posts\/3691","targetHints":{"allow":["GET"]}}],"collection":[{"href":"https:\/\/agora.xtec.cat\/esc-lasiniamolins\/wp-json\/wp\/v2\/posts"}],"about":[{"href":"https:\/\/agora.xtec.cat\/esc-lasiniamolins\/wp-json\/wp\/v2\/types\/post"}],"author":[{"embeddable":true,"href":"https:\/\/agora.xtec.cat\/esc-lasiniamolins\/wp-json\/wp\/v2\/users\/1"}],"replies":[{"embeddable":true,"href":"https:\/\/agora.xtec.cat\/esc-lasiniamolins\/wp-json\/wp\/v2\/comments?post=3691"}],"version-history":[{"count":3,"href":"https:\/\/agora.xtec.cat\/esc-lasiniamolins\/wp-json\/wp\/v2\/posts\/3691\/revisions"}],"predecessor-version":[{"id":3694,"href":"https:\/\/agora.xtec.cat\/esc-lasiniamolins\/wp-json\/wp\/v2\/posts\/3691\/revisions\/3694"}],"wp:attachment":[{"href":"https:\/\/agora.xtec.cat\/esc-lasiniamolins\/wp-json\/wp\/v2\/media?parent=3691"}],"wp:term":[{"taxonomy":"category","embeddable":true,"href":"https:\/\/agora.xtec.cat\/esc-lasiniamolins\/wp-json\/wp\/v2\/categories?post=3691"},{"taxonomy":"post_tag","embeddable":true,"href":"https:\/\/agora.xtec.cat\/esc-lasiniamolins\/wp-json\/wp\/v2\/tags?post=3691"}],"curies":[{"name":"wp","href":"https:\/\/api.w.org\/{rel}","templated":true}]}}