{"id":3675,"date":"2025-01-01T10:59:41","date_gmt":"2025-01-01T09:59:41","guid":{"rendered":"https:\/\/agora.xtec.cat\/esc-lasiniamolins\/?p=3675"},"modified":"2025-05-07T16:17:48","modified_gmt":"2025-05-07T14:17:48","slug":"fotos-setmana-tematica-24-25","status":"publish","type":"post","link":"https:\/\/agora.xtec.cat\/esc-lasiniamolins\/general\/fotos-setmana-tematica-24-25\/","title":{"rendered":"Setmana Tem\u00e0tica 24-25"},"content":{"rendered":"<p style=\"text-align: left;\">El dimecres 18 de desembre vam posar punt final a la Setmana Tem\u00e0tica amb un espectacle protagonitzat pels invents!<\/p>\n<p>Compartim amb vosaltres les imatges de les actuacions de tots els nivells. Gr\u00e0cies a l&#8217;ajuda dels nens i nenes de l&#8217;escola en Rampoines va acabar recuperant la mem\u00f2ria i nosaltres la nostra S\u00ednia!!!<\/p>\n<p>Tamb\u00e9, durant tota la setmana, al passad\u00eds principal de l&#8217;escola hi va haver muntada una exposici\u00f3 amb diferents invents i la seva evoluci\u00f3 durant el llarg dels anys. <a href=\"https:\/\/photos.app.goo.gl\/VuX4daxibrQcqABu9\">Aqu\u00ed en teniu les imatges.<\/a><\/p>\n<p><img loading=\"lazy\" decoding=\"async\" class=\"aligncenter size-medium wp-image-3811\" src=\"https:\/\/agora.xtec.cat\/esc-lasiniamolins\/wp-content\/uploads\/usu2018\/2025\/01\/matxu-tematica-300x219.jpg\" alt=\"\" width=\"300\" height=\"219\" srcset=\"https:\/\/agora.xtec.cat\/esc-lasiniamolins\/wp-content\/uploads\/usu2018\/2025\/01\/matxu-tematica-300x219.jpg 300w, https:\/\/agora.xtec.cat\/esc-lasiniamolins\/wp-content\/uploads\/usu2018\/2025\/01\/matxu-tematica-768x562.jpg 768w, https:\/\/agora.xtec.cat\/esc-lasiniamolins\/wp-content\/uploads\/usu2018\/2025\/01\/matxu-tematica.jpg 893w\" sizes=\"auto, (max-width: 300px) 100vw, 300px\" \/><\/p>\n<p>&nbsp;<\/p>\n","protected":false},"excerpt":{"rendered":"<p>El dimecres 18 de desembre vam posar punt final a la Setmana Tem\u00e0tica amb un espectacle protagonitzat pels invents!<br \/>\nCompartim amb vosaltres les imatges de les actuacions de tots els nivells. Gr\u00e0cies a l&#8217;ajuda dels nens i nenes de l&#8217;escola en Rampoines va acabar recuperant la&hellip;  <a href=\"https:\/\/agora.xtec.cat\/esc-lasiniamolins\/general\/fotos-setmana-tematica-24-25\/\" title=\"Read Setmana Tem\u00e0tica 24-25\">Llegeix m\u00e9s\u00bb<\/a><\/p>\n","protected":false},"author":1,"featured_media":0,"comment_status":"open","ping_status":"closed","sticky":false,"template":"","format":"standard","meta":{"_bbp_topic_count":0,"_bbp_reply_count":0,"_bbp_total_topic_count":0,"_bbp_total_reply_count":0,"_bbp_voice_count":0,"_bbp_anonymous_reply_count":0,"_bbp_topic_count_hidden":0,"_bbp_reply_count_hidden":0,"_bbp_forum_subforum_count":0,"footnotes":""},"categories":[10,11,12,13,14,15,3,8,9,4,1],"tags":[],"class_list":["post-3675","post","type-post","status-publish","format-standard","hentry","category-1r","category-2n","category-3r","category-4t","category-5e","category-6e","category-p3","category-p4","category-p5","category-portada","category-general"],"post_mailing_queue_ids":[],"_links":{"self":[{"href":"https:\/\/agora.xtec.cat\/esc-lasiniamolins\/wp-json\/wp\/v2\/posts\/3675","targetHints":{"allow":["GET"]}}],"collection":[{"href":"https:\/\/agora.xtec.cat\/esc-lasiniamolins\/wp-json\/wp\/v2\/posts"}],"about":[{"href":"https:\/\/agora.xtec.cat\/esc-lasiniamolins\/wp-json\/wp\/v2\/types\/post"}],"author":[{"embeddable":true,"href":"https:\/\/agora.xtec.cat\/esc-lasiniamolins\/wp-json\/wp\/v2\/users\/1"}],"replies":[{"embeddable":true,"href":"https:\/\/agora.xtec.cat\/esc-lasiniamolins\/wp-json\/wp\/v2\/comments?post=3675"}],"version-history":[{"count":3,"href":"https:\/\/agora.xtec.cat\/esc-lasiniamolins\/wp-json\/wp\/v2\/posts\/3675\/revisions"}],"predecessor-version":[{"id":3980,"href":"https:\/\/agora.xtec.cat\/esc-lasiniamolins\/wp-json\/wp\/v2\/posts\/3675\/revisions\/3980"}],"wp:attachment":[{"href":"https:\/\/agora.xtec.cat\/esc-lasiniamolins\/wp-json\/wp\/v2\/media?parent=3675"}],"wp:term":[{"taxonomy":"category","embeddable":true,"href":"https:\/\/agora.xtec.cat\/esc-lasiniamolins\/wp-json\/wp\/v2\/categories?post=3675"},{"taxonomy":"post_tag","embeddable":true,"href":"https:\/\/agora.xtec.cat\/esc-lasiniamolins\/wp-json\/wp\/v2\/tags?post=3675"}],"curies":[{"name":"wp","href":"https:\/\/api.w.org\/{rel}","templated":true}]}}