{"id":3659,"date":"2024-10-29T09:21:09","date_gmt":"2024-10-29T08:21:09","guid":{"rendered":"https:\/\/agora.xtec.cat\/esc-lasiniamolins\/?p=3659"},"modified":"2024-11-12T09:14:58","modified_gmt":"2024-11-12T08:14:58","slug":"24-25-p4-grocs-i-blaus-sortida-projecte-veins-i-veines","status":"publish","type":"post","link":"https:\/\/agora.xtec.cat\/esc-lasiniamolins\/general\/24-25-p4-grocs-i-blaus-sortida-projecte-veins-i-veines\/","title":{"rendered":"24-25 P4 GROCS I BLAUS: Sortida projecte ve\u00efns i ve\u00efnes"},"content":{"rendered":"<p data-pm-slice=\"1 1 []\">Com sabeu, fa uns dies ens vam embarcar en el nou projecte dels ve\u00efns i les ve\u00efnes, per aquest motiu els infants de P4 Grocs i Blaus hem estat investigant i explorant l&#8217;escola per saber qui s\u00f3n els nostres ve\u00efns i ve\u00efnes.<\/p>\n<p>Tot i aix\u00f2, tamb\u00e9 necessit\u00e0vem saber i con\u00e8ixer quin \u00e9s el nostre context fora del centre i qui hi ha al voltant de l&#8217;escola. Aix\u00ed que vam haver de sortir a fer el per\u00edmetre per veure i aprendre sobre els nostres serveis ve\u00efns i, com aquests, ajuden al barri i a les persones que l&#8217;habiten.<\/p>\n<p>La veritat que va ser una sortida for\u00e7a enriquidora i vam con\u00e8ixer de primera m\u00e0 qui ens envolta i com, a m\u00e9s, hi ha senyals de tr\u00e0nsit i altres elements que faciliten la vida i la conviv\u00e8ncia de tots els ve\u00efns i ve\u00efnes.<\/p>\n<p><a href=\"https:\/\/photos.app.goo.gl\/eud8E1sVrD2Bmyad8\">Mireu, mireu!!!<\/a><\/p>\n<p><a href=\"https:\/\/photos.app.goo.gl\/eud8E1sVrD2Bmyad8\"><img loading=\"lazy\" decoding=\"async\" class=\"aligncenter wp-image-3673\" src=\"https:\/\/agora.xtec.cat\/esc-lasiniamolins\/wp-content\/uploads\/usu2018\/2024\/10\/sortida-veins-1024x462.jpg\" alt=\"\" width=\"564\" height=\"255\" srcset=\"https:\/\/agora.xtec.cat\/esc-lasiniamolins\/wp-content\/uploads\/usu2018\/2024\/10\/sortida-veins-1024x462.jpg 1024w, https:\/\/agora.xtec.cat\/esc-lasiniamolins\/wp-content\/uploads\/usu2018\/2024\/10\/sortida-veins-300x135.jpg 300w, https:\/\/agora.xtec.cat\/esc-lasiniamolins\/wp-content\/uploads\/usu2018\/2024\/10\/sortida-veins-768x347.jpg 768w, https:\/\/agora.xtec.cat\/esc-lasiniamolins\/wp-content\/uploads\/usu2018\/2024\/10\/sortida-veins.jpg 1537w\" sizes=\"auto, (max-width: 564px) 100vw, 564px\" \/><\/a><\/p>\n","protected":false},"excerpt":{"rendered":"<p>Com sabeu, fa uns dies ens vam embarcar en el nou projecte dels ve\u00efns i les ve\u00efnes, per aquest motiu els infants de P4 Grocs i Blaus hem estat investigant i explorant l&#8217;escola per saber qui s\u00f3n els nostres ve\u00efns i ve\u00efnes.<br \/>\nTot i aix\u00f2, tamb\u00e9&hellip;  <a href=\"https:\/\/agora.xtec.cat\/esc-lasiniamolins\/general\/24-25-p4-grocs-i-blaus-sortida-projecte-veins-i-veines\/\" title=\"Read 24-25 P4 GROCS I BLAUS: Sortida projecte ve\u00efns i ve\u00efnes\">Llegeix m\u00e9s\u00bb<\/a><\/p>\n","protected":false},"author":1,"featured_media":0,"comment_status":"open","ping_status":"closed","sticky":false,"template":"","format":"standard","meta":{"_bbp_topic_count":0,"_bbp_reply_count":0,"_bbp_total_topic_count":0,"_bbp_total_reply_count":0,"_bbp_voice_count":0,"_bbp_anonymous_reply_count":0,"_bbp_topic_count_hidden":0,"_bbp_reply_count_hidden":0,"_bbp_forum_subforum_count":0,"footnotes":""},"categories":[1],"tags":[500,284,499,80,495],"class_list":["post-3659","post","type-post","status-publish","format-standard","hentry","category-general","tag-curs-24-25-pa","tag-grocs-i-blaus","tag-p4-sortides","tag-projectes","tag-projectes-24-25"],"post_mailing_queue_ids":[],"_links":{"self":[{"href":"https:\/\/agora.xtec.cat\/esc-lasiniamolins\/wp-json\/wp\/v2\/posts\/3659","targetHints":{"allow":["GET"]}}],"collection":[{"href":"https:\/\/agora.xtec.cat\/esc-lasiniamolins\/wp-json\/wp\/v2\/posts"}],"about":[{"href":"https:\/\/agora.xtec.cat\/esc-lasiniamolins\/wp-json\/wp\/v2\/types\/post"}],"author":[{"embeddable":true,"href":"https:\/\/agora.xtec.cat\/esc-lasiniamolins\/wp-json\/wp\/v2\/users\/1"}],"replies":[{"embeddable":true,"href":"https:\/\/agora.xtec.cat\/esc-lasiniamolins\/wp-json\/wp\/v2\/comments?post=3659"}],"version-history":[{"count":2,"href":"https:\/\/agora.xtec.cat\/esc-lasiniamolins\/wp-json\/wp\/v2\/posts\/3659\/revisions"}],"predecessor-version":[{"id":3674,"href":"https:\/\/agora.xtec.cat\/esc-lasiniamolins\/wp-json\/wp\/v2\/posts\/3659\/revisions\/3674"}],"wp:attachment":[{"href":"https:\/\/agora.xtec.cat\/esc-lasiniamolins\/wp-json\/wp\/v2\/media?parent=3659"}],"wp:term":[{"taxonomy":"category","embeddable":true,"href":"https:\/\/agora.xtec.cat\/esc-lasiniamolins\/wp-json\/wp\/v2\/categories?post=3659"},{"taxonomy":"post_tag","embeddable":true,"href":"https:\/\/agora.xtec.cat\/esc-lasiniamolins\/wp-json\/wp\/v2\/tags?post=3659"}],"curies":[{"name":"wp","href":"https:\/\/api.w.org\/{rel}","templated":true}]}}