{"id":3643,"date":"2024-10-22T08:51:10","date_gmt":"2024-10-22T06:51:10","guid":{"rendered":"https:\/\/agora.xtec.cat\/esc-lasiniamolins\/?p=3643"},"modified":"2024-10-30T15:58:46","modified_gmt":"2024-10-30T14:58:46","slug":"veins-i-veines-a-p4-engeguem-projecte","status":"publish","type":"post","link":"https:\/\/agora.xtec.cat\/esc-lasiniamolins\/portada\/veins-i-veines-a-p4-engeguem-projecte\/","title":{"rendered":"Ve\u00efns i Ve\u00efnes&#8230; a P4 engeguem projecte!"},"content":{"rendered":"<p>Els nens i nenes de Grocs i Blaus ens vam trobar a sobre de les nostres calaixeres, dues caixes grans que simulaven ser dos blocs de pisos plens de finestres i balcons. Al costat un llibre i una caixa.<\/p>\n<p>Hem mirat el conte, i presentava diferents personatges que habiten un mateix bloc. Cadasc\u00fa a casa seva, cases diferents, amb persones diverses i menjars de molts indrets. De seguida ens han sortit les paraules Ve\u00efns i Ve\u00efnes. Aix\u00f2 ha donat peu a una conversa, on hem vist que tots i totes formem part d&#8217;un lloc, tenim persones i espais que ens envolten&#8230; Hem pensat en els ve\u00efns i ve\u00efnes que tenim a casa, hem pensat en els de l&#8217;escola&#8230;<\/p>\n<p>Ens faltava obrir la capsa petita vermella i, en fer-ho, ens hem descobert a nosaltres amb una mida redu\u00efda. Hem ent\u00e8s que hav\u00edem d&#8217;enganxar-nos als edificis per representar-nos com a Ve\u00efns i Ve\u00efnes&#8230; i per qu\u00e8 no, comen\u00e7ar un nou projecte que ens permeti descobrir qui i qu\u00e8 tenim al nostre voltant&#8230; descobrir el nostre col\u00b7lectiu.<\/p>\n<p><a href=\"https:\/\/photos.app.goo.gl\/3dArxCnns1375MSo8\"><img loading=\"lazy\" decoding=\"async\" class=\"alignnone size-large\" src=\"https:\/\/lh3.googleusercontent.com\/pw\/AP1GczN-pf-g12Dh7VKdIuyilkwfrBHZJk_ZpaYacm6m7i-gnpavsvHmLjOSBMtNNok7FycLC3ahUkNoXPC-6E_yuv5UrZeuot_VUBZ5AmLAxuGdFlDo5hJRdk0t-1HLxykyiIGUmaSKYZN9HR24zLtFoTZq=w1559-h878-s-no-gm?authuser=2\" width=\"1559\" height=\"878\" \/><\/a><\/p>\n<p>&nbsp;<\/p>\n","protected":false},"excerpt":{"rendered":"<p>Els nens i nenes de Grocs i Blaus ens vam trobar a sobre de les nostres calaixeres, dues caixes grans que simulaven ser dos blocs de pisos plens de finestres i balcons. Al costat un llibre i una caixa.<br \/>\nHem mirat el conte, i presentava diferents&hellip;  <a href=\"https:\/\/agora.xtec.cat\/esc-lasiniamolins\/portada\/veins-i-veines-a-p4-engeguem-projecte\/\" title=\"Read Ve\u00efns i Ve\u00efnes&#8230; a P4 engeguem projecte!\">Llegeix m\u00e9s\u00bb<\/a><\/p>\n","protected":false},"author":8,"featured_media":0,"comment_status":"open","ping_status":"closed","sticky":false,"template":"","format":"standard","meta":{"_bbp_topic_count":0,"_bbp_reply_count":0,"_bbp_total_topic_count":0,"_bbp_total_reply_count":0,"_bbp_voice_count":0,"_bbp_anonymous_reply_count":0,"_bbp_topic_count_hidden":0,"_bbp_reply_count_hidden":0,"_bbp_forum_subforum_count":0,"footnotes":""},"categories":[8,207,4],"tags":[174,91,492,493],"class_list":["post-3643","post","type-post","status-publish","format-standard","hentry","category-p4","category-petits","category-portada","tag-p4-grocs-i-blaus","tag-projecte","tag-tret-sortida","tag-veins-i-veines"],"post_mailing_queue_ids":[],"_links":{"self":[{"href":"https:\/\/agora.xtec.cat\/esc-lasiniamolins\/wp-json\/wp\/v2\/posts\/3643","targetHints":{"allow":["GET"]}}],"collection":[{"href":"https:\/\/agora.xtec.cat\/esc-lasiniamolins\/wp-json\/wp\/v2\/posts"}],"about":[{"href":"https:\/\/agora.xtec.cat\/esc-lasiniamolins\/wp-json\/wp\/v2\/types\/post"}],"author":[{"embeddable":true,"href":"https:\/\/agora.xtec.cat\/esc-lasiniamolins\/wp-json\/wp\/v2\/users\/8"}],"replies":[{"embeddable":true,"href":"https:\/\/agora.xtec.cat\/esc-lasiniamolins\/wp-json\/wp\/v2\/comments?post=3643"}],"version-history":[{"count":2,"href":"https:\/\/agora.xtec.cat\/esc-lasiniamolins\/wp-json\/wp\/v2\/posts\/3643\/revisions"}],"predecessor-version":[{"id":3645,"href":"https:\/\/agora.xtec.cat\/esc-lasiniamolins\/wp-json\/wp\/v2\/posts\/3643\/revisions\/3645"}],"wp:attachment":[{"href":"https:\/\/agora.xtec.cat\/esc-lasiniamolins\/wp-json\/wp\/v2\/media?parent=3643"}],"wp:term":[{"taxonomy":"category","embeddable":true,"href":"https:\/\/agora.xtec.cat\/esc-lasiniamolins\/wp-json\/wp\/v2\/categories?post=3643"},{"taxonomy":"post_tag","embeddable":true,"href":"https:\/\/agora.xtec.cat\/esc-lasiniamolins\/wp-json\/wp\/v2\/tags?post=3643"}],"curies":[{"name":"wp","href":"https:\/\/api.w.org\/{rel}","templated":true}]}}