{"id":3608,"date":"2024-10-18T10:14:50","date_gmt":"2024-10-18T08:14:50","guid":{"rendered":"https:\/\/agora.xtec.cat\/esc-lasiniamolins\/?p=3608"},"modified":"2025-05-07T16:14:30","modified_gmt":"2025-05-07T14:14:30","slug":"la-nostra-festa-major","status":"publish","type":"post","link":"https:\/\/agora.xtec.cat\/esc-lasiniamolins\/general\/la-nostra-festa-major\/","title":{"rendered":"La nostra Festa Major"},"content":{"rendered":"<div class=\"flex-1 overflow-hidden\">\n<div class=\"h-full\">\n<div class=\"react-scroll-to-bottom--css-cffts-79elbk h-full\">\n<div class=\"react-scroll-to-bottom--css-cffts-1n7m0yu\">\n<div class=\"flex flex-col text-sm md:pb-9\">\n<article class=\"w-full text-token-text-primary focus-visible:outline-2 focus-visible:outline-offset-[-4px]\" dir=\"auto\" data-testid=\"conversation-turn-5\" data-scroll-anchor=\"true\">\n<div class=\"m-auto text-base py-[18px] px-3 md:px-4 w-full md:px-5 lg:px-4 xl:px-5\">\n<div class=\"mx-auto flex flex-1 gap-4 text-base md:gap-5 lg:gap-6 md:max-w-3xl lg:max-w-[40rem] xl:max-w-[48rem]\">\n<div class=\"group\/conversation-turn relative flex w-full min-w-0 flex-col agent-turn\">\n<div class=\"flex-col gap-1 md:gap-3\">\n<div class=\"flex max-w-full flex-col flex-grow\">\n<div class=\"min-h-8 text-message flex w-full flex-col items-end gap-2 whitespace-normal break-words [.text-message+&amp;]:mt-5\" dir=\"auto\" data-message-author-role=\"assistant\" data-message-id=\"a3778096-ca59-4e51-a3c7-9ffe0980c01e\" data-message-model-slug=\"gpt-4o\">\n<div class=\"flex w-full flex-col gap-1 empty:hidden first:pt-[3px]\">\n<div class=\"markdown prose w-full break-words dark:prose-invert light\">\n<p>Donem la benvinguda al nostre primer projecte de centre; la Festa Major!<\/p>\n<p>L&#8217;hem celebrat de manera molt especial, amb la participaci\u00f3 des dels m\u00e9s petits fins als m\u00e9s grans. Tothom ha tingut un paper molt important en aquesta jornada plena d&#8217;alegria i diversi\u00f3. Gaudint del camell, els capgrossos, els gegants, les sardanes, les b\u00e8sties de foc, els castellers, els balls de bastons, els falcons i dels jocs tradicionals.<\/p>\n<p>Ha estat un dia ple de diversi\u00f3 i treball en equip, que ens ha perm\u00e8s celebrar la <a href=\"https:\/\/photos.app.goo.gl\/1HNE8ZdtnaNYzGes7\">Festa Major<\/a>.<\/p>\n<p><img loading=\"lazy\" decoding=\"async\" class=\"aligncenter wp-image-3621\" src=\"https:\/\/agora.xtec.cat\/esc-lasiniamolins\/wp-content\/uploads\/usu2018\/2024\/10\/PORTADA-FESTA-MAJOR.jpg\" alt=\"\" width=\"375\" height=\"374\" srcset=\"https:\/\/agora.xtec.cat\/esc-lasiniamolins\/wp-content\/uploads\/usu2018\/2024\/10\/PORTADA-FESTA-MAJOR.jpg 808w, https:\/\/agora.xtec.cat\/esc-lasiniamolins\/wp-content\/uploads\/usu2018\/2024\/10\/PORTADA-FESTA-MAJOR-300x300.jpg 300w, https:\/\/agora.xtec.cat\/esc-lasiniamolins\/wp-content\/uploads\/usu2018\/2024\/10\/PORTADA-FESTA-MAJOR-150x150.jpg 150w, https:\/\/agora.xtec.cat\/esc-lasiniamolins\/wp-content\/uploads\/usu2018\/2024\/10\/PORTADA-FESTA-MAJOR-768x766.jpg 768w\" sizes=\"auto, (max-width: 375px) 100vw, 375px\" \/><\/p>\n<\/div>\n<\/div>\n<\/div>\n<\/div>\n<\/div>\n<\/div>\n<\/div>\n<\/div>\n<\/article>\n<\/div>\n<\/div>\n<\/div>\n<\/div>\n<\/div>\n","protected":false},"excerpt":{"rendered":"<p>Donem la benvinguda al nostre primer projecte de centre; la Festa Major!<br \/>\nL&#8217;hem celebrat de manera molt especial, amb la participaci\u00f3 des dels m\u00e9s petits fins als m\u00e9s grans. Tothom ha tingut un paper molt important en aquesta jornada plena d&#8217;alegria i diversi\u00f3. Gaudint del camell,&hellip;  <a href=\"https:\/\/agora.xtec.cat\/esc-lasiniamolins\/general\/la-nostra-festa-major\/\" title=\"Read La nostra Festa Major\">Llegeix m\u00e9s\u00bb<\/a><\/p>\n","protected":false},"author":1,"featured_media":0,"comment_status":"open","ping_status":"closed","sticky":false,"template":"","format":"standard","meta":{"_bbp_topic_count":0,"_bbp_reply_count":0,"_bbp_total_topic_count":0,"_bbp_total_reply_count":0,"_bbp_voice_count":0,"_bbp_anonymous_reply_count":0,"_bbp_topic_count_hidden":0,"_bbp_reply_count_hidden":0,"_bbp_forum_subforum_count":0,"footnotes":""},"categories":[10,11,12,13,14,15,209,208,3,8,9,207,1],"tags":[488,487,285,485,214,137],"class_list":["post-3608","post","type-post","status-publish","format-standard","hentry","category-1r","category-2n","category-3r","category-4t","category-5e","category-6e","category-grans","category-mitjans","category-p3","category-p4","category-p5","category-petits","category-general","tag-cicle-grans","tag-cicle-mitjans","tag-cicle-petits","tag-curs-2024-25","tag-festa-major","tag-projecte-de-centre"],"post_mailing_queue_ids":[],"_links":{"self":[{"href":"https:\/\/agora.xtec.cat\/esc-lasiniamolins\/wp-json\/wp\/v2\/posts\/3608","targetHints":{"allow":["GET"]}}],"collection":[{"href":"https:\/\/agora.xtec.cat\/esc-lasiniamolins\/wp-json\/wp\/v2\/posts"}],"about":[{"href":"https:\/\/agora.xtec.cat\/esc-lasiniamolins\/wp-json\/wp\/v2\/types\/post"}],"author":[{"embeddable":true,"href":"https:\/\/agora.xtec.cat\/esc-lasiniamolins\/wp-json\/wp\/v2\/users\/1"}],"replies":[{"embeddable":true,"href":"https:\/\/agora.xtec.cat\/esc-lasiniamolins\/wp-json\/wp\/v2\/comments?post=3608"}],"version-history":[{"count":3,"href":"https:\/\/agora.xtec.cat\/esc-lasiniamolins\/wp-json\/wp\/v2\/posts\/3608\/revisions"}],"predecessor-version":[{"id":3623,"href":"https:\/\/agora.xtec.cat\/esc-lasiniamolins\/wp-json\/wp\/v2\/posts\/3608\/revisions\/3623"}],"wp:attachment":[{"href":"https:\/\/agora.xtec.cat\/esc-lasiniamolins\/wp-json\/wp\/v2\/media?parent=3608"}],"wp:term":[{"taxonomy":"category","embeddable":true,"href":"https:\/\/agora.xtec.cat\/esc-lasiniamolins\/wp-json\/wp\/v2\/categories?post=3608"},{"taxonomy":"post_tag","embeddable":true,"href":"https:\/\/agora.xtec.cat\/esc-lasiniamolins\/wp-json\/wp\/v2\/tags?post=3608"}],"curies":[{"name":"wp","href":"https:\/\/api.w.org\/{rel}","templated":true}]}}