{"id":3601,"date":"2024-09-20T08:41:02","date_gmt":"2024-09-20T06:41:02","guid":{"rendered":"https:\/\/agora.xtec.cat\/esc-lasiniamolins\/?p=3601"},"modified":"2024-10-21T08:42:27","modified_gmt":"2024-10-21T06:42:27","slug":"el-fil-vermell-que-ens-uneix","status":"publish","type":"post","link":"https:\/\/agora.xtec.cat\/esc-lasiniamolins\/portada\/el-fil-vermell-que-ens-uneix\/","title":{"rendered":"El fil vermell que ens uneix."},"content":{"rendered":"<p><span style=\"font-weight: 400;\"><img decoding=\"async\" class=\"aligncenter size-full wp-image-3610\" src=\"https:\/\/agora.xtec.cat\/esc-lasiniamolins\/wp-content\/uploads\/usu2018\/2024\/10\/20241011_123244.heic\" alt=\"\" \/>Els nens i nenes de 6\u00e8 hem comen\u00e7at el nostre \u00faltim any a l\u2019escola amb moltes ganes. Aquest curs volem ser una pinya tots plegats, ser un equip, i hem descobert que existeix la llegenda del fil vermell, la qual diu que tots estem connectats per un fil vermell, i que aquest es pot estirar, enredar, o tensar, per\u00f2 mai trencar!<\/span><\/p>\n<p><img loading=\"lazy\" decoding=\"async\" class=\"aligncenter size-full wp-image-3603\" src=\"https:\/\/agora.xtec.cat\/esc-lasiniamolins\/wp-content\/uploads\/usu2018\/2024\/10\/1_FIL_VERMELL.jpg\" alt=\"\" width=\"944\" height=\"560\" srcset=\"https:\/\/agora.xtec.cat\/esc-lasiniamolins\/wp-content\/uploads\/usu2018\/2024\/10\/1_FIL_VERMELL.jpg 944w, https:\/\/agora.xtec.cat\/esc-lasiniamolins\/wp-content\/uploads\/usu2018\/2024\/10\/1_FIL_VERMELL-300x178.jpg 300w, https:\/\/agora.xtec.cat\/esc-lasiniamolins\/wp-content\/uploads\/usu2018\/2024\/10\/1_FIL_VERMELL-768x456.jpg 768w\" sizes=\"auto, (max-width: 944px) 100vw, 944px\" \/><\/p>\n<p>&nbsp;<\/p>\n<p><span style=\"font-weight: 400;\"><img loading=\"lazy\" decoding=\"async\" class=\"aligncenter size-full wp-image-3602\" src=\"https:\/\/agora.xtec.cat\/esc-lasiniamolins\/wp-content\/uploads\/usu2018\/2024\/10\/IMG-20241004-WA0008-1.jpg\" alt=\"\" width=\"2048\" height=\"1536\" srcset=\"https:\/\/agora.xtec.cat\/esc-lasiniamolins\/wp-content\/uploads\/usu2018\/2024\/10\/IMG-20241004-WA0008-1.jpg 2048w, https:\/\/agora.xtec.cat\/esc-lasiniamolins\/wp-content\/uploads\/usu2018\/2024\/10\/IMG-20241004-WA0008-1-300x225.jpg 300w, https:\/\/agora.xtec.cat\/esc-lasiniamolins\/wp-content\/uploads\/usu2018\/2024\/10\/IMG-20241004-WA0008-1-1024x768.jpg 1024w, https:\/\/agora.xtec.cat\/esc-lasiniamolins\/wp-content\/uploads\/usu2018\/2024\/10\/IMG-20241004-WA0008-1-768x576.jpg 768w, https:\/\/agora.xtec.cat\/esc-lasiniamolins\/wp-content\/uploads\/usu2018\/2024\/10\/IMG-20241004-WA0008-1-1536x1152.jpg 1536w, https:\/\/agora.xtec.cat\/esc-lasiniamolins\/wp-content\/uploads\/usu2018\/2024\/10\/IMG-20241004-WA0008-1-200x150.jpg 200w\" sizes=\"auto, (max-width: 2048px) 100vw, 2048px\" \/><img loading=\"lazy\" decoding=\"async\" class=\"aligncenter size-full wp-image-3613\" src=\"https:\/\/agora.xtec.cat\/esc-lasiniamolins\/wp-content\/uploads\/usu2018\/2024\/10\/20241011_123316-1-1-min-scaled.jpg\" alt=\"\" width=\"2560\" height=\"1442\" srcset=\"https:\/\/agora.xtec.cat\/esc-lasiniamolins\/wp-content\/uploads\/usu2018\/2024\/10\/20241011_123316-1-1-min-scaled.jpg 2560w, https:\/\/agora.xtec.cat\/esc-lasiniamolins\/wp-content\/uploads\/usu2018\/2024\/10\/20241011_123316-1-1-min-300x169.jpg 300w, https:\/\/agora.xtec.cat\/esc-lasiniamolins\/wp-content\/uploads\/usu2018\/2024\/10\/20241011_123316-1-1-min-1024x577.jpg 1024w, https:\/\/agora.xtec.cat\/esc-lasiniamolins\/wp-content\/uploads\/usu2018\/2024\/10\/20241011_123316-1-1-min-768x432.jpg 768w, https:\/\/agora.xtec.cat\/esc-lasiniamolins\/wp-content\/uploads\/usu2018\/2024\/10\/20241011_123316-1-1-min-1536x865.jpg 1536w, https:\/\/agora.xtec.cat\/esc-lasiniamolins\/wp-content\/uploads\/usu2018\/2024\/10\/20241011_123316-1-1-min-2048x1153.jpg 2048w\" sizes=\"auto, (max-width: 2560px) 100vw, 2560px\" \/><\/span><\/p>\n","protected":false},"excerpt":{"rendered":"<p>Els nens i nenes de 6\u00e8 hem comen\u00e7at el nostre \u00faltim any a l\u2019escola amb moltes ganes. Aquest curs volem ser una pinya tots plegats, ser un equip, i hem descobert que existeix la llegenda del fil vermell, la qual diu que tots estem connectats&hellip;  <a href=\"https:\/\/agora.xtec.cat\/esc-lasiniamolins\/portada\/el-fil-vermell-que-ens-uneix\/\" title=\"Read El fil vermell que ens uneix.\">Llegeix m\u00e9s\u00bb<\/a><\/p>\n","protected":false},"author":8,"featured_media":0,"comment_status":"open","ping_status":"closed","sticky":false,"template":"","format":"standard","meta":{"_bbp_topic_count":0,"_bbp_reply_count":0,"_bbp_total_topic_count":0,"_bbp_total_reply_count":0,"_bbp_voice_count":0,"_bbp_anonymous_reply_count":0,"_bbp_topic_count_hidden":0,"_bbp_reply_count_hidden":0,"_bbp_forum_subforum_count":0,"footnotes":""},"categories":[15,209,4],"tags":[490,68,70,69,211,226,71],"class_list":["post-3601","post","type-post","status-publish","format-standard","hentry","category-6e","category-grans","category-portada","tag-24-25","tag-6e","tag-agulles-damitges","tag-els-encantats","tag-els-primers-dies-al-nou-curs","tag-grans","tag-sise"],"post_mailing_queue_ids":[],"_links":{"self":[{"href":"https:\/\/agora.xtec.cat\/esc-lasiniamolins\/wp-json\/wp\/v2\/posts\/3601","targetHints":{"allow":["GET"]}}],"collection":[{"href":"https:\/\/agora.xtec.cat\/esc-lasiniamolins\/wp-json\/wp\/v2\/posts"}],"about":[{"href":"https:\/\/agora.xtec.cat\/esc-lasiniamolins\/wp-json\/wp\/v2\/types\/post"}],"author":[{"embeddable":true,"href":"https:\/\/agora.xtec.cat\/esc-lasiniamolins\/wp-json\/wp\/v2\/users\/8"}],"replies":[{"embeddable":true,"href":"https:\/\/agora.xtec.cat\/esc-lasiniamolins\/wp-json\/wp\/v2\/comments?post=3601"}],"version-history":[{"count":3,"href":"https:\/\/agora.xtec.cat\/esc-lasiniamolins\/wp-json\/wp\/v2\/posts\/3601\/revisions"}],"predecessor-version":[{"id":3619,"href":"https:\/\/agora.xtec.cat\/esc-lasiniamolins\/wp-json\/wp\/v2\/posts\/3601\/revisions\/3619"}],"wp:attachment":[{"href":"https:\/\/agora.xtec.cat\/esc-lasiniamolins\/wp-json\/wp\/v2\/media?parent=3601"}],"wp:term":[{"taxonomy":"category","embeddable":true,"href":"https:\/\/agora.xtec.cat\/esc-lasiniamolins\/wp-json\/wp\/v2\/categories?post=3601"},{"taxonomy":"post_tag","embeddable":true,"href":"https:\/\/agora.xtec.cat\/esc-lasiniamolins\/wp-json\/wp\/v2\/tags?post=3601"}],"curies":[{"name":"wp","href":"https:\/\/api.w.org\/{rel}","templated":true}]}}