{"id":3549,"date":"2024-10-01T19:51:59","date_gmt":"2024-10-01T17:51:59","guid":{"rendered":"https:\/\/agora.xtec.cat\/esc-lasiniamolins\/?p=3549"},"modified":"2024-10-01T19:51:59","modified_gmt":"2024-10-01T17:51:59","slug":"sortida-de-primer-al-museu-can-framis","status":"publish","type":"post","link":"https:\/\/agora.xtec.cat\/esc-lasiniamolins\/portada\/sortida-de-primer-al-museu-can-framis\/","title":{"rendered":"SORTIDA DE PRIMER AL MUSEU CAN FRAMIS"},"content":{"rendered":"<p>Els infants de primer hem realitzat una sortida al Museu Can Framis dins el marc del projecte &#8220;Qui s\u00f3c jo?&#8221;. All\u00e0 hem descobert que les obres d&#8217;art tenen una hist\u00f2ria al darrere i, que sovint, aquesta hist\u00f2ria t\u00e9 molt a veure amb la vida interior de l&#8217;artista. Mireu vosaltres a l&#8217;interior de la imatge i descobrireu la hist\u00f2ria que vam viure dins el museu&#8230;<\/p>\n<p><a href=\"https:\/\/photos.app.goo.gl\/b5v5Dd33NJqervtP7\"><img loading=\"lazy\" decoding=\"async\" class=\"aligncenter wp-image-3550 size-large\" src=\"https:\/\/agora.xtec.cat\/esc-lasiniamolins\/wp-content\/uploads\/usu2018\/2024\/09\/1726681415135-1024x576.jpg\" alt=\"\" width=\"1024\" height=\"576\" srcset=\"https:\/\/agora.xtec.cat\/esc-lasiniamolins\/wp-content\/uploads\/usu2018\/2024\/09\/1726681415135-1024x576.jpg 1024w, https:\/\/agora.xtec.cat\/esc-lasiniamolins\/wp-content\/uploads\/usu2018\/2024\/09\/1726681415135-300x169.jpg 300w, https:\/\/agora.xtec.cat\/esc-lasiniamolins\/wp-content\/uploads\/usu2018\/2024\/09\/1726681415135-768x432.jpg 768w, https:\/\/agora.xtec.cat\/esc-lasiniamolins\/wp-content\/uploads\/usu2018\/2024\/09\/1726681415135-1536x864.jpg 1536w, https:\/\/agora.xtec.cat\/esc-lasiniamolins\/wp-content\/uploads\/usu2018\/2024\/09\/1726681415135.jpg 1600w\" sizes=\"auto, (max-width: 1024px) 100vw, 1024px\" \/><\/a><\/p>\n","protected":false},"excerpt":{"rendered":"<p>Els infants de primer hem realitzat una sortida al Museu Can Framis dins el marc del projecte &#8220;Qui s\u00f3c jo?&#8221;. All\u00e0 hem descobert que les obres d&#8217;art tenen una hist\u00f2ria al darrere i, que sovint, aquesta hist\u00f2ria t\u00e9 molt a veure amb la vida interior&hellip;  <a href=\"https:\/\/agora.xtec.cat\/esc-lasiniamolins\/portada\/sortida-de-primer-al-museu-can-framis\/\" title=\"Read SORTIDA DE PRIMER AL MUSEU CAN FRAMIS\">Llegeix m\u00e9s\u00bb<\/a><\/p>\n","protected":false},"author":8,"featured_media":0,"comment_status":"open","ping_status":"closed","sticky":false,"template":"","format":"standard","meta":{"_bbp_topic_count":0,"_bbp_reply_count":0,"_bbp_total_topic_count":0,"_bbp_total_reply_count":0,"_bbp_voice_count":0,"_bbp_anonymous_reply_count":0,"_bbp_topic_count_hidden":0,"_bbp_reply_count_hidden":0,"_bbp_forum_subforum_count":0,"footnotes":""},"categories":[10,208,4],"tags":[102,485,476,106,105,16],"class_list":["post-3549","post","type-post","status-publish","format-standard","hentry","category-1r","category-mitjans","category-portada","tag-1r","tag-curs-2024-25","tag-mitjans","tag-puig-dolorda","tag-puig-madrona","tag-sortides"],"post_mailing_queue_ids":[],"_links":{"self":[{"href":"https:\/\/agora.xtec.cat\/esc-lasiniamolins\/wp-json\/wp\/v2\/posts\/3549","targetHints":{"allow":["GET"]}}],"collection":[{"href":"https:\/\/agora.xtec.cat\/esc-lasiniamolins\/wp-json\/wp\/v2\/posts"}],"about":[{"href":"https:\/\/agora.xtec.cat\/esc-lasiniamolins\/wp-json\/wp\/v2\/types\/post"}],"author":[{"embeddable":true,"href":"https:\/\/agora.xtec.cat\/esc-lasiniamolins\/wp-json\/wp\/v2\/users\/8"}],"replies":[{"embeddable":true,"href":"https:\/\/agora.xtec.cat\/esc-lasiniamolins\/wp-json\/wp\/v2\/comments?post=3549"}],"version-history":[{"count":2,"href":"https:\/\/agora.xtec.cat\/esc-lasiniamolins\/wp-json\/wp\/v2\/posts\/3549\/revisions"}],"predecessor-version":[{"id":3552,"href":"https:\/\/agora.xtec.cat\/esc-lasiniamolins\/wp-json\/wp\/v2\/posts\/3549\/revisions\/3552"}],"wp:attachment":[{"href":"https:\/\/agora.xtec.cat\/esc-lasiniamolins\/wp-json\/wp\/v2\/media?parent=3549"}],"wp:term":[{"taxonomy":"category","embeddable":true,"href":"https:\/\/agora.xtec.cat\/esc-lasiniamolins\/wp-json\/wp\/v2\/categories?post=3549"},{"taxonomy":"post_tag","embeddable":true,"href":"https:\/\/agora.xtec.cat\/esc-lasiniamolins\/wp-json\/wp\/v2\/tags?post=3549"}],"curies":[{"name":"wp","href":"https:\/\/api.w.org\/{rel}","templated":true}]}}