{"id":3496,"date":"2024-04-25T13:06:46","date_gmt":"2024-04-25T11:06:46","guid":{"rendered":"https:\/\/agora.xtec.cat\/esc-lasiniamolins\/?p=3496"},"modified":"2024-07-13T13:07:44","modified_gmt":"2024-07-13T11:07:44","slug":"projecte-la-familia","status":"publish","type":"post","link":"https:\/\/agora.xtec.cat\/esc-lasiniamolins\/general\/projecte-la-familia\/","title":{"rendered":"Projecte La Fam\u00edlia"},"content":{"rendered":"<p style=\"text-align: justify;\">El nostre Projecte de la Fam\u00edlia va comen\u00e7ar a la tornada de Nadal, despr\u00e9s d&#8217;escoltar diverses converses dels infants dels grups dels Blaus i dels Grocs. Ens explicaven que havien anat a casa dels avis i que havien estat amb nens que anomenaven germans, tot i que intu\u00edem que es tractava dels seus cosins.<\/p>\n<p style=\"text-align: justify;\">A partir d&#8217;aqu\u00ed, vam iniciar un di\u00e0leg sobre les fam\u00edlies. Ens vam preguntar: per qu\u00e8 tenim fam\u00edlia? Qu\u00e8 \u00e9s una fam\u00edlia? Els infants van compartir les seves idees sobre qu\u00e8 significa pert\u00e0nyer a una fam\u00edlia. Van descobrir que, a m\u00e9s del seu nom, tenen dos cognoms que provenen del pare i de la mare. Aquest fet, que per a nosaltres \u00e9s habitual, va sorprendre molts nens i nenes dels Blaus i dels Grocs.<\/p>\n<p>Despr\u00e9s, vam explorar la diversitat familiar a trav\u00e9s de contes. Vam con\u00e8ixer fam\u00edlies amb pare i mare, amb dues mares o dos pares, amb una sola mare o un sol pare, i fins i tot fam\u00edlies amb pares que viuen en llars separades.<\/p>\n<p><a href=\"https:\/\/photos.app.goo.gl\/mTSgXchtwYcTxpV5A\"><img loading=\"lazy\" decoding=\"async\" class=\"aligncenter\" src=\"https:\/\/lh3.googleusercontent.com\/pw\/AP1GczNUjprR3nHwbZCiHZyqd_qRLuSyGopgFXUEtfJ5B4bMwGL0bum8yA2JRUfShxx13X4MckCc94i0UeX3Eeidks1OXaIovd-GbiGtF-BXOMTGI7_Yj7mLY122cTfd88TvWdbNq-XqfYHVryS9ZuledWZ-cJP-Xgo3kBUftbDX1qoFiYk2TCYkAqS4OgPFWBD01T2xiQrGI9pzyOyVvQBD1jBLQ0Zu5SYo2vkyPhz45dH383mkmZ_GI6hBBEe4m1pq86jQ0NALqtE-_3IHoubiTY-Sz7RHlPqKFJN1T22-F3t9wDIBoG92lGYh_gOkj6dfW-f1jn6tp-TcgRg5q4_fw6e5b_ua4adCyvzjOYCRaKuAkETf-P39UzQMZVf0CCGv1mkNAwDPo582keMFnh2WgTOQ5yilxzrHPwORgvO1fpQsYwE0ChrD0yujv5U2h5q7_pFJ83q1Xh7C70lD19Ds6CB55l01fWcITExMJJ8tC4lfjpN3kGk7S3BiZ0C8GPOs09zLdc16g43zz0SSt5IQwUs20ZxlYMGhnJSF87205ZBaK4mW3826edAqKY5nm8FGAPOfPGKrEpXxcnX0-mizmyw34cC7l6AVN72uvA1mj0CqshmWyDtRrNmPS_cRZUjA7dfUUSzftmjdD9-TT2Q-IUlKm_OBcWT6-dT5hMvP4B6-0hgnrSbntcvpozlSxqWowhms-3kg7YuYeoF63MPMDbzOUSFwgfLBA-9wUZrGr3qNvYoOV0F3QZWG_XPnTXg0vUYkxaw4CCOaYKuCj8SJJjVpJlLuwHGl_99w5WKHxurGreEvsjzvpZ_MO1fKfU5Ms4nkZ05v61xye6uD8jBVGxgdRdx_vUG8s9c85kWeXKKSA8Nw4q5J1AelKK3aG47GipmZJy8OqYEKwE684-4m4MCj=w1187-h890-s-no-gm?authuser=0\" width=\"432\" height=\"324\" \/><\/a><\/p>\n<p>Cada infant va tenir l&#8217;oportunitat de presentar la seva fam\u00edlia a trav\u00e9s d&#8217;un \u00e0lbum personal. D&#8217;aquests \u00e0lbums, vam extreure fotografies familiars i les vam penjar en un mural per tenir-les presents.<\/p>\n<p><a href=\"https:\/\/photos.app.goo.gl\/us6f2y77ZKhsG5Dq5\"><img loading=\"lazy\" decoding=\"async\" class=\"alignnone size-large aligncenter\" src=\"https:\/\/lh3.googleusercontent.com\/pw\/AP1GczNeaAGTOEN8yMHnN_bFKXF7BeyxAtTL8lwy6IeHuG9HcY5CFw2MtRg4c-ezU6z2ORx4P9jIPu4yZ8_stbtDpni9mhDW1s8ZzrD5_HLxfY2_3ZQ69F7F6tPIRC5is4z_jR0K9mm2LlJaDZD5FdRogjpp-6XkASdHHI3JPAeDweb7ueFXB9QjyWZy-T4SmU7VucG92h9Bm0ppQl_ElhKbq89t1jY7TlkyDArS41sspu3pwKGVDtP7WYL77Rf1t4ISz81XZMd0AUGd8HpZ7IiFQx7lYHTamEmOBE8m8T521MjN02yS5-B1gzvNt8Dn9NeVKG_ccl_q_UXB011xkScG0nICaELceHM3trJZ2BlN-oxW_b-I_lf7A7yHFi-jcocWTHiHiM67znveRG4_cbpUgOpcc-PXp5Evh9SuvVsqhJ_FDKd66A27BakDRLFHvFgRmO8u1Fqk9EaQiHiXDywhQHNfrJDIJFbzh9t_yV4DcxY2VIMvii3o8uklGFDEtMDnsdajupPrF_rwxHADKF1Fpw4dZCbGo8M7ty49bkHcQ18vS3aQMKvZxl4omc7ZFhX3da8e645xqWek5yHeNi_7nJ2bT3k5LaWzo6psGHYoo8upbILL67mBeUteZG5N-IcdcQebQ-_ISvXKB5CcNl6wylNSg_2oJC8fGCE1inU-ENUEsWxySclEpnYQPgcExH1-GR3-crBN0N-DiKY8yIt82veFci0ABXjUqUfQfcBcp4h8UL1Ia-q7FygybMgFGrfWlygoNkdplGFXvlk0bCpLxEwdfwRLtQJAUVGsK8imPLABE2xsx5OqZphrFXJxgTqJC_sfo5tZL5feZAyHct25pZ3Nq5uD5TxSq6ibCBSPnbd6f88zNR9_8dXy_D1mzC26xve-orCdaTL67YsqnBFaiLVw=w280-h180-s-no-gm?authuser=0\" width=\"280\" height=\"180\" \/><\/a><\/p>\n<p>Algunes fam\u00edlies dels Grocs van venir a presentar-nos els seus nadons nascuts aquest curs, les noves incorporacions a la seva fam\u00edlia.<\/p>\n<p style=\"text-align: center;\"><a href=\"https:\/\/photos.app.goo.gl\/7FTPDPzYRSbN9YyAA\"><img loading=\"lazy\" decoding=\"async\" class=\"alignnone \" src=\"https:\/\/lh3.googleusercontent.com\/pw\/AP1GczMbJe8kJa5e1CeRTGKWAZjWwWun7YXjCVfE1aQhvjnBABJeL5isMs_IdciKCJg4Y7imlOB7M0hihl_Uj-qFdXEnZwwTEVZHK2M6DzHvi1e4AQrgHgCa_PC3s4UJ8VE0NqxSQX8358lfN7XwF60IdCQ_OGuxcJXqq1gPv0K9ONHGCd4VsnfhAX59iJLW3RpMba72UNlAJ7Abh6qgwwgtGGF-rfqrU_9xWsyIZE5yRmRg8AKaopInrHQISh1xC9Dg5HfXfzEGxWHmOnYlIsgNiSwJrTtAkPTORhZZ7CPU3SbViCTykv8gcO6Y3ZlS2BtuNfdObNk-nm4jOuhf58Lg5yyXgZ66TxrAmPYXhjN7U5TIZeU-R97K6fDeivnRFThR5bCiP4XmPnoWiB80ZumcBNGOtnaJpcrhOFVlJN0695I5Qvl4gqK3Zvgw4JHQBY8LZ82SzGsPnuN0yKCK0UNR_puEYo-LOnD5hc0EsSUFmRl4pz1PbhyCAuGcrqvVjY_A243kGA06tkLW9Ngd15wgUMufiXlycUIFsl7untGZ5YB8SoQhRAmZL28wsjtuZ1C6kitv5ZmLrEsqhYT3pyTAEj9Zrr4MNlB4oA0o3pB9V-KBgwYXlesakRk0P2XQhw7JyXDhXqu0XyYTdlXMV_qC-19bB_mma3YU2nfrvff96Xw78-KzRL76BZaiuG2ClAn9j3ODfGfNWpuA0xk0pKEN3bA417vf-O_5gNh_Y7DaiovrpQ8Mby1Lx9fY4evdx5cVIc25xhiDhbEWNdrqAJmaL3FSddocSIiUdlgw_seXW9SxIMplzCcYB3_IGKTGNsCPmOGsiXdnqNdrOo0VEBIU2oICn788LxZplowEwm3_Ob2RLyPCUl3L0WZkX0gUf9Qsi0mlHTp7dlGiFZr5_sOULUWO=w706-h733-s-no-gm?authuser=0\" width=\"184\" height=\"191\" \/><\/a><\/p>\n<p>Els infants de 1r tamb\u00e9 ens van fer preguntes sobre com arribem a l&#8217;escola: amb cotxe, caminant, amb patinet&#8230; Van adonar-se que els qui venen en cotxe no poden venir caminant perqu\u00e8 trigarien massa. Aix\u00f2 els va fer veure que alguns infants viuen molt a prop de l&#8217;escola, altres una mica m\u00e9s lluny, i altres tan lluny que viuen als afores de Molins.<\/p>\n<p>Per entendre millor aix\u00f2, vam aprendre qu\u00e8 \u00e9s un mapa i les mestres van buscar les adreces de tots els Grocs i Blaus. Vam decidir fer dues sortides per comprovar les dist\u00e0ncies: una cap a la Rierada amb autocar, per visitar les llars m\u00e9s llunyanes, i una altra caminant pel poble, per veure les llars m\u00e9s properes. Aix\u00ed, van aprendre que cada infant viu en un carrer amb un nom i un n\u00famero.<\/p>\n<p style=\"text-align: center;\"><a href=\"https:\/\/photos.app.goo.gl\/KGGAYFw8ZF68CVLr8\">Rierada<\/a><\/p>\n<p><a href=\"https:\/\/photos.app.goo.gl\/KGGAYFw8ZF68CVLr8\"><img loading=\"lazy\" decoding=\"async\" class=\"aligncenter\" src=\"https:\/\/lh3.googleusercontent.com\/pw\/AP1GczMylnRUEjEkfQXVKiOXehVFxOBdWf2i3Gja2y5gQ0OQjzj157_V_Sa9dL0EgQog860kxTToveBcCP2KXlkE3X0Tt8a5fMP1ftEXT5mwhqVrUJgsyHFo0JrHnBdPZd7danHIA0BM9lLEcIRlTem4KpSR=w1187-h890-s-no-gm?authuser=0\" width=\"479\" height=\"359\" \/><\/a><\/p>\n<p style=\"text-align: center;\"><a href=\"https:\/\/photos.app.goo.gl\/3gRMuuqtHZrCnSKk9\">Poble<\/a><\/p>\n<p style=\"text-align: center;\"><a href=\"https:\/\/photos.app.goo.gl\/3gRMuuqtHZrCnSKk9\"><img loading=\"lazy\" decoding=\"async\" class=\"alignnone \" src=\"https:\/\/lh3.googleusercontent.com\/pw\/AP1GczOnTqxpg05h7TjIjBCSYW6mMaC4LryQOml81QAWlHraSxmxFYm13lbslATzDAxcKzp5eIVZWD6iY0M8RBoAkyptyHspuw0fBnZQhxV21m7ZrPKcgF1M6oS-h5Z2DyQslGef2ebEo029g4o25kvzJSsC=w807-h831-s-no-gm?authuser=0\" width=\"411\" height=\"423\" \/><\/a><\/p>\n<p style=\"text-align: left;\">Com a culminaci\u00f3 d&#8217;aquest projecte tan especial, els infants van crear unes cases amb les seves fam\u00edlies a dins, utilitzant la t\u00e8cnica de pintar amb bales (&#8220;caniques&#8221;). Aquesta activitat va ser una manera magn\u00edfica de tancar el projecte, celebrant la diversitat i la singularitat de cada fam\u00edlia.<\/p>\n<p>&nbsp;<\/p>\n<p><a href=\"https:\/\/photos.app.goo.gl\/up9jjCzii3DicUsj7\"><img loading=\"lazy\" decoding=\"async\" class=\"aligncenter\" src=\"https:\/\/lh3.googleusercontent.com\/pw\/AP1GczPj4uSgaqCjGWmG5b_KigwVRXypy7Uya6I-m-6gI158HMwLPIDQWIZi6ALmsMliZV_L53xJbU0sIcv3M4OXghgChsqvRwJgfUlvk0bglYT7fAM8LZXkW420__0ATW7eaSqoMxX3dbfYmdfdzmRqE5QonS7RU9c2HqN3B1JdYrTecX07F8-QopAFrllhDn8vFrwKU8fxApM2JHYv8B-p5tlF7KPerQ99szOkADx3pXmApAhVY8nDeGzarNiNceoiOYt6WI2D1k7ewi2-3geJApQ3z1yY5PcP3OcvvaGi9fE3zLp8e2fuam2rvuldza0QXlBWxNpnDCje1IQFg587FUGix9Dbzhc-xBTDDG2fbWLn-QaauhuZgpA2USiTXM4y7q_PRPIqRlMBKzMWlRPV6kI_OX5sf8MrTr4DoIcNRmLxzqt3XkiS4K44nORDkVnbzOhWpIhfrcnzsUjSYkaaOZPZ-yvbraJWt1DIuf2jkyxunKkM-nU59ozZPrFfzJIpylXPwaTLZWMRShz03A2r_Bzc2O_ec_ZjAvNLaJbV-59IPZ7hiptP2czIGX7yeJDt5Ch0dQB0OP0t2TevDK9rN8n02u0WaEit8z0hEHPs6MLPlVAFlqLB3MKRfAKckYCPD0Mw0DeR1uiB81MyOKT6XizEhi0u36nCztPQvn-thKt2XwW1bHUnv09f10d52jpvdl_VP8b3KkWhdguRdaDvBOi_DdmhdFmbN8fgPBO-G9kQTCe5qC5W-SpgPZpHMsr1DHDg1Sdrj_9357myhu2DuSmRP77asaTPgmBzn9imsWOC8mZqPN3B9X1U_-xnABMS3wgpJtuw026rOUCSU5oyMUjuHJyQAlNtKHIlSeLiVBoUyeDCxoOMFAfHENXrFqchWI4OWIZ4sNtnfqv8Ylh6sKOZ=w481-h313-s-no-gm?authuser=0\" width=\"315\" height=\"205\" \/><\/a><\/p>\n<p>El Projecte de la Fam\u00edlia ha estat una experi\u00e8ncia enriquidora per a tots nosaltres. Ha perm\u00e8s als infants descobrir m\u00e9s sobre els seus or\u00edgens, comprendre la diversitat familiar i sentir-se orgullosos de la seva pr\u00f2pia hist\u00f2ria. Esperem continuar construint vincles i aprenentatges tan significatius en el futur.<\/p>\n","protected":false},"excerpt":{"rendered":"<p>El nostre Projecte de la Fam\u00edlia va comen\u00e7ar a la tornada de Nadal, despr\u00e9s d&#8217;escoltar diverses converses dels infants dels grups dels Blaus i dels Grocs. Ens explicaven que havien anat a casa dels avis i que havien estat amb nens que anomenaven germans, tot&hellip;  <a href=\"https:\/\/agora.xtec.cat\/esc-lasiniamolins\/general\/projecte-la-familia\/\" title=\"Read Projecte La Fam\u00edlia\">Llegeix m\u00e9s\u00bb<\/a><\/p>\n","protected":false},"author":1,"featured_media":0,"comment_status":"open","ping_status":"closed","sticky":false,"template":"","format":"standard","meta":{"_bbp_topic_count":0,"_bbp_reply_count":0,"_bbp_total_topic_count":0,"_bbp_total_reply_count":0,"_bbp_voice_count":0,"_bbp_anonymous_reply_count":0,"_bbp_topic_count_hidden":0,"_bbp_reply_count_hidden":0,"_bbp_forum_subforum_count":0,"footnotes":""},"categories":[3,207,1],"tags":[398,482],"class_list":["post-3496","post","type-post","status-publish","format-standard","hentry","category-p3","category-petits","category-general","tag-curs-23-24","tag-p3-grocs-i-blaus"],"post_mailing_queue_ids":[],"_links":{"self":[{"href":"https:\/\/agora.xtec.cat\/esc-lasiniamolins\/wp-json\/wp\/v2\/posts\/3496","targetHints":{"allow":["GET"]}}],"collection":[{"href":"https:\/\/agora.xtec.cat\/esc-lasiniamolins\/wp-json\/wp\/v2\/posts"}],"about":[{"href":"https:\/\/agora.xtec.cat\/esc-lasiniamolins\/wp-json\/wp\/v2\/types\/post"}],"author":[{"embeddable":true,"href":"https:\/\/agora.xtec.cat\/esc-lasiniamolins\/wp-json\/wp\/v2\/users\/1"}],"replies":[{"embeddable":true,"href":"https:\/\/agora.xtec.cat\/esc-lasiniamolins\/wp-json\/wp\/v2\/comments?post=3496"}],"version-history":[{"count":3,"href":"https:\/\/agora.xtec.cat\/esc-lasiniamolins\/wp-json\/wp\/v2\/posts\/3496\/revisions"}],"predecessor-version":[{"id":3499,"href":"https:\/\/agora.xtec.cat\/esc-lasiniamolins\/wp-json\/wp\/v2\/posts\/3496\/revisions\/3499"}],"wp:attachment":[{"href":"https:\/\/agora.xtec.cat\/esc-lasiniamolins\/wp-json\/wp\/v2\/media?parent=3496"}],"wp:term":[{"taxonomy":"category","embeddable":true,"href":"https:\/\/agora.xtec.cat\/esc-lasiniamolins\/wp-json\/wp\/v2\/categories?post=3496"},{"taxonomy":"post_tag","embeddable":true,"href":"https:\/\/agora.xtec.cat\/esc-lasiniamolins\/wp-json\/wp\/v2\/tags?post=3496"}],"curies":[{"name":"wp","href":"https:\/\/api.w.org\/{rel}","templated":true}]}}