{"id":3465,"date":"2024-06-24T10:58:49","date_gmt":"2024-06-24T08:58:49","guid":{"rendered":"https:\/\/agora.xtec.cat\/esc-lasiniamolins\/?p=3465"},"modified":"2024-06-24T10:58:49","modified_gmt":"2024-06-24T08:58:49","slug":"projecte-de-colonies-de-1r","status":"publish","type":"post","link":"https:\/\/agora.xtec.cat\/esc-lasiniamolins\/portada\/projecte-de-colonies-de-1r\/","title":{"rendered":"PROJECTE DE COL\u00d2NIES DE 1R"},"content":{"rendered":"<p>Els infants de primer vam engegar un projecte en tornar de col\u00f2nies: un poblat pels Montpolins! Durant tot el trimestre hem estat investigant el nostre poble i quins equipaments ha de tenir. Vam arribar a la conclusi\u00f3 que al poblat dels Montpolins mancaven coses, aix\u00ed que cada grup va decidir que faria per solucionar-ho. Els del Puig Madrona, van estar dissenyant poblats nous on no hi faltava de res, i de tots ells, en vam triar tres de finalistes, i els enviarem a la casa de col\u00f2nies perqu\u00e8 ells tri\u00efn el que m\u00e9s els hi agradi. Els de Puig d&#8217;Olorda, van dissenyar que podien fer per acabar de completar el que ja tenien i d&#8217;entre diverses propostes, va guanyar una piscina per aquests dies que venen de tanta calor. Tamb\u00e9 la farem arribar als nostres amics els Montpolins. Aqu\u00ed us deixem una mostra de la nostra feina:<\/p>\n<p><a href=\"https:\/\/photos.app.goo.gl\/7wHZBsRTM9Lb7ZtF9\"><img loading=\"lazy\" decoding=\"async\" class=\"aligncenter size-full wp-image-3466\" src=\"https:\/\/agora.xtec.cat\/esc-lasiniamolins\/wp-content\/uploads\/usu2018\/2024\/06\/Imagen1.jpg\" alt=\"\" width=\"1494\" height=\"1125\" srcset=\"https:\/\/agora.xtec.cat\/esc-lasiniamolins\/wp-content\/uploads\/usu2018\/2024\/06\/Imagen1.jpg 1494w, https:\/\/agora.xtec.cat\/esc-lasiniamolins\/wp-content\/uploads\/usu2018\/2024\/06\/Imagen1-300x226.jpg 300w, https:\/\/agora.xtec.cat\/esc-lasiniamolins\/wp-content\/uploads\/usu2018\/2024\/06\/Imagen1-1024x771.jpg 1024w, https:\/\/agora.xtec.cat\/esc-lasiniamolins\/wp-content\/uploads\/usu2018\/2024\/06\/Imagen1-768x578.jpg 768w, https:\/\/agora.xtec.cat\/esc-lasiniamolins\/wp-content\/uploads\/usu2018\/2024\/06\/Imagen1-200x150.jpg 200w\" sizes=\"auto, (max-width: 1494px) 100vw, 1494px\" \/><\/a><\/p>\n","protected":false},"excerpt":{"rendered":"<p>Els infants de primer vam engegar un projecte en tornar de col\u00f2nies: un poblat pels Montpolins! Durant tot el trimestre hem estat investigant el nostre poble i quins equipaments ha de tenir. Vam arribar a la conclusi\u00f3 que al poblat dels Montpolins mancaven coses, aix\u00ed&hellip;  <a href=\"https:\/\/agora.xtec.cat\/esc-lasiniamolins\/portada\/projecte-de-colonies-de-1r\/\" title=\"Read PROJECTE DE COL\u00d2NIES DE 1R\">Llegeix m\u00e9s\u00bb<\/a><\/p>\n","protected":false},"author":8,"featured_media":0,"comment_status":"open","ping_status":"closed","sticky":false,"template":"","format":"standard","meta":{"_bbp_topic_count":0,"_bbp_reply_count":0,"_bbp_total_topic_count":0,"_bbp_total_reply_count":0,"_bbp_voice_count":0,"_bbp_anonymous_reply_count":0,"_bbp_topic_count_hidden":0,"_bbp_reply_count_hidden":0,"_bbp_forum_subforum_count":0,"footnotes":""},"categories":[10,208,4],"tags":[102,101,398,179,91],"class_list":["post-3465","post","type-post","status-publish","format-standard","hentry","category-1r","category-mitjans","category-portada","tag-1r","tag-colonies","tag-curs-23-24","tag-primer","tag-projecte"],"post_mailing_queue_ids":[],"_links":{"self":[{"href":"https:\/\/agora.xtec.cat\/esc-lasiniamolins\/wp-json\/wp\/v2\/posts\/3465","targetHints":{"allow":["GET"]}}],"collection":[{"href":"https:\/\/agora.xtec.cat\/esc-lasiniamolins\/wp-json\/wp\/v2\/posts"}],"about":[{"href":"https:\/\/agora.xtec.cat\/esc-lasiniamolins\/wp-json\/wp\/v2\/types\/post"}],"author":[{"embeddable":true,"href":"https:\/\/agora.xtec.cat\/esc-lasiniamolins\/wp-json\/wp\/v2\/users\/8"}],"replies":[{"embeddable":true,"href":"https:\/\/agora.xtec.cat\/esc-lasiniamolins\/wp-json\/wp\/v2\/comments?post=3465"}],"version-history":[{"count":1,"href":"https:\/\/agora.xtec.cat\/esc-lasiniamolins\/wp-json\/wp\/v2\/posts\/3465\/revisions"}],"predecessor-version":[{"id":3467,"href":"https:\/\/agora.xtec.cat\/esc-lasiniamolins\/wp-json\/wp\/v2\/posts\/3465\/revisions\/3467"}],"wp:attachment":[{"href":"https:\/\/agora.xtec.cat\/esc-lasiniamolins\/wp-json\/wp\/v2\/media?parent=3465"}],"wp:term":[{"taxonomy":"category","embeddable":true,"href":"https:\/\/agora.xtec.cat\/esc-lasiniamolins\/wp-json\/wp\/v2\/categories?post=3465"},{"taxonomy":"post_tag","embeddable":true,"href":"https:\/\/agora.xtec.cat\/esc-lasiniamolins\/wp-json\/wp\/v2\/tags?post=3465"}],"curies":[{"name":"wp","href":"https:\/\/api.w.org\/{rel}","templated":true}]}}