{"id":3459,"date":"2024-06-20T16:12:30","date_gmt":"2024-06-20T14:12:30","guid":{"rendered":"https:\/\/agora.xtec.cat\/esc-lasiniamolins\/?p=3459"},"modified":"2024-07-11T14:03:28","modified_gmt":"2024-07-11T12:03:28","slug":"lhort-a-lescola","status":"publish","type":"post","link":"https:\/\/agora.xtec.cat\/esc-lasiniamolins\/general\/lhort-a-lescola\/","title":{"rendered":"L&#8217;HORT A L&#8217;ESCOLA"},"content":{"rendered":"<p>Aquest curs, hem treballat a l&#8217;hort de l&#8217;escola a trav\u00e9s dels Espais d&#8217;aprenentatge i el Treball pel Col\u00b7lectiu. El proc\u00e9s que vam seguir va ser el seg\u00fcent:<\/p>\n<p>Vam preparar la terra, vam plantar les llavors de les diferents hortalisses seguint el calendari de cultiu, vam regar, vam fer el seguiment del seu creixement i finalment vam\u00a0 anar collint els enciams, br\u00f2quils, coliflors, cal\u00e7ots, p\u00e8sols, faves, carxofes, tom\u00e0quets i pebrots. Esperem que gaudiu del recull de fotos que mostren aquest proc\u00e9s:<\/p>\n<p><a href=\"https:\/\/photos.app.goo.gl\/uoPAFDPTHKRaoerQ6\" target=\"_blank\" rel=\"noopener\">Fotos Hort<\/a><\/p>\n","protected":false},"excerpt":{"rendered":"<p>Aquest curs, hem treballat a l&#8217;hort de l&#8217;escola a trav\u00e9s dels Espais d&#8217;aprenentatge i el Treball pel Col\u00b7lectiu. El proc\u00e9s que vam seguir va ser el seg\u00fcent:<br \/>\nVam preparar la terra, vam plantar les llavors de les diferents hortalisses seguint el calendari de cultiu, vam regar,&hellip;  <a href=\"https:\/\/agora.xtec.cat\/esc-lasiniamolins\/general\/lhort-a-lescola\/\" title=\"Read L&#8217;HORT A L&#8217;ESCOLA\">Llegeix m\u00e9s\u00bb<\/a><\/p>\n","protected":false},"author":8,"featured_media":0,"comment_status":"open","ping_status":"closed","sticky":false,"template":"","format":"standard","meta":{"_bbp_topic_count":0,"_bbp_reply_count":0,"_bbp_total_topic_count":0,"_bbp_total_reply_count":0,"_bbp_voice_count":0,"_bbp_anonymous_reply_count":0,"_bbp_topic_count_hidden":0,"_bbp_reply_count_hidden":0,"_bbp_forum_subforum_count":0,"footnotes":""},"categories":[10,11,12,208,4,1],"tags":[398,108,391,478,303],"class_list":["post-3459","post","type-post","status-publish","format-standard","hentry","category-1r","category-2n","category-3r","category-mitjans","category-portada","category-general","tag-curs-23-24","tag-espais","tag-hort","tag-terra","tag-treball-pel-collectiu"],"post_mailing_queue_ids":[],"_links":{"self":[{"href":"https:\/\/agora.xtec.cat\/esc-lasiniamolins\/wp-json\/wp\/v2\/posts\/3459","targetHints":{"allow":["GET"]}}],"collection":[{"href":"https:\/\/agora.xtec.cat\/esc-lasiniamolins\/wp-json\/wp\/v2\/posts"}],"about":[{"href":"https:\/\/agora.xtec.cat\/esc-lasiniamolins\/wp-json\/wp\/v2\/types\/post"}],"author":[{"embeddable":true,"href":"https:\/\/agora.xtec.cat\/esc-lasiniamolins\/wp-json\/wp\/v2\/users\/8"}],"replies":[{"embeddable":true,"href":"https:\/\/agora.xtec.cat\/esc-lasiniamolins\/wp-json\/wp\/v2\/comments?post=3459"}],"version-history":[{"count":2,"href":"https:\/\/agora.xtec.cat\/esc-lasiniamolins\/wp-json\/wp\/v2\/posts\/3459\/revisions"}],"predecessor-version":[{"id":3461,"href":"https:\/\/agora.xtec.cat\/esc-lasiniamolins\/wp-json\/wp\/v2\/posts\/3459\/revisions\/3461"}],"wp:attachment":[{"href":"https:\/\/agora.xtec.cat\/esc-lasiniamolins\/wp-json\/wp\/v2\/media?parent=3459"}],"wp:term":[{"taxonomy":"category","embeddable":true,"href":"https:\/\/agora.xtec.cat\/esc-lasiniamolins\/wp-json\/wp\/v2\/categories?post=3459"},{"taxonomy":"post_tag","embeddable":true,"href":"https:\/\/agora.xtec.cat\/esc-lasiniamolins\/wp-json\/wp\/v2\/tags?post=3459"}],"curies":[{"name":"wp","href":"https:\/\/api.w.org\/{rel}","templated":true}]}}