{"id":3445,"date":"2024-06-14T14:13:57","date_gmt":"2024-06-14T12:13:57","guid":{"rendered":"https:\/\/agora.xtec.cat\/esc-lasiniamolins\/?p=3445"},"modified":"2024-06-14T14:22:07","modified_gmt":"2024-06-14T12:22:07","slug":"2n-la-sinias-5-stars","status":"publish","type":"post","link":"https:\/\/agora.xtec.cat\/esc-lasiniamolins\/general\/2n-la-sinias-5-stars\/","title":{"rendered":"2n: La Sinia&#8217;s 5 stars"},"content":{"rendered":"<p>Al comen\u00e7ament del trimestre, els infants de 2n van rebre un v\u00eddeo d&#8217;un cuiner irland\u00e8s amb un repte especial: crear un restaurant a l&#8217;escola per convidar les seves fam\u00edlies. Despr\u00e9s de setmanes de treball, la setmana passada van presentar el projecte amb molt d&#8217;\u00e8xit.<\/p>\n<p>Les fam\u00edlies van gaudir de deliciosos plats preparats pels petits chefs, que van mostrar les seves habilitats en cuina, servei i decoraci\u00f3. Aqu\u00ed us deixem algunes imatges de les dues tardes plenes de somriures i creativitat. Esperem que us agradin!<\/p>\n<p>Gr\u00e0cies a tots per la vostra participaci\u00f3!<\/p>\n<p>&nbsp;<\/p>\n<p>&nbsp;<\/p>\n<figure class=\"figure wp-caption alignnone\"><a href=\"https:\/\/photos.app.goo.gl\/6PsPBnfKNDms7RRC8\"><img loading=\"lazy\" decoding=\"async\" class=\"size-large\" src=\"https:\/\/lh3.googleusercontent.com\/pw\/AP1GczMnLd6bgsykKGysQ_l-7sso7uvYmWWtml9xcTXUIDlzeOZeWUKNiD5BuLT69SNFJ2NENZ0JomYPpGMnynING760X06Zlu0r6YP-XkGC7_RqtaverQZaOPrj5MLm8K82Ty9EkJwn14SVMjAiFwRKbr1T=w731-h739-s-no-gm?authuser=0\" alt=\"Si voleu veure les imatges, feu clic aqui\" width=\"731\" height=\"739\" \/><\/a><figcaption class=\"wp-caption-text\">Si voleu veure les imatges, feu clic aqui<\/figcaption><\/figure>\n","protected":false},"excerpt":{"rendered":"<p>Al comen\u00e7ament del trimestre, els infants de 2n van rebre un v\u00eddeo d&#8217;un cuiner irland\u00e8s amb un repte especial: crear un restaurant a l&#8217;escola per convidar les seves fam\u00edlies. Despr\u00e9s de setmanes de treball, la setmana passada van presentar el projecte amb molt d&#8217;\u00e8xit.<br \/>\nLes fam\u00edlies&hellip;  <a href=\"https:\/\/agora.xtec.cat\/esc-lasiniamolins\/general\/2n-la-sinias-5-stars\/\" title=\"Read 2n: La Sinia&#8217;s 5 stars\">Llegeix m\u00e9s\u00bb<\/a><\/p>\n","protected":false},"author":1,"featured_media":0,"comment_status":"open","ping_status":"closed","sticky":false,"template":"","format":"standard","meta":{"_bbp_topic_count":0,"_bbp_reply_count":0,"_bbp_total_topic_count":0,"_bbp_total_reply_count":0,"_bbp_voice_count":0,"_bbp_anonymous_reply_count":0,"_bbp_topic_count_hidden":0,"_bbp_reply_count_hidden":0,"_bbp_forum_subforum_count":0,"footnotes":""},"categories":[11,208,1],"tags":[92,270,398,476],"class_list":["post-3445","post","type-post","status-publish","format-standard","hentry","category-2n","category-mitjans","category-general","tag-2n","tag-angles","tag-curs-23-24","tag-mitjans"],"post_mailing_queue_ids":[],"_links":{"self":[{"href":"https:\/\/agora.xtec.cat\/esc-lasiniamolins\/wp-json\/wp\/v2\/posts\/3445","targetHints":{"allow":["GET"]}}],"collection":[{"href":"https:\/\/agora.xtec.cat\/esc-lasiniamolins\/wp-json\/wp\/v2\/posts"}],"about":[{"href":"https:\/\/agora.xtec.cat\/esc-lasiniamolins\/wp-json\/wp\/v2\/types\/post"}],"author":[{"embeddable":true,"href":"https:\/\/agora.xtec.cat\/esc-lasiniamolins\/wp-json\/wp\/v2\/users\/1"}],"replies":[{"embeddable":true,"href":"https:\/\/agora.xtec.cat\/esc-lasiniamolins\/wp-json\/wp\/v2\/comments?post=3445"}],"version-history":[{"count":4,"href":"https:\/\/agora.xtec.cat\/esc-lasiniamolins\/wp-json\/wp\/v2\/posts\/3445\/revisions"}],"predecessor-version":[{"id":3451,"href":"https:\/\/agora.xtec.cat\/esc-lasiniamolins\/wp-json\/wp\/v2\/posts\/3445\/revisions\/3451"}],"wp:attachment":[{"href":"https:\/\/agora.xtec.cat\/esc-lasiniamolins\/wp-json\/wp\/v2\/media?parent=3445"}],"wp:term":[{"taxonomy":"category","embeddable":true,"href":"https:\/\/agora.xtec.cat\/esc-lasiniamolins\/wp-json\/wp\/v2\/categories?post=3445"},{"taxonomy":"post_tag","embeddable":true,"href":"https:\/\/agora.xtec.cat\/esc-lasiniamolins\/wp-json\/wp\/v2\/tags?post=3445"}],"curies":[{"name":"wp","href":"https:\/\/api.w.org\/{rel}","templated":true}]}}