{"id":3422,"date":"2024-06-10T14:56:28","date_gmt":"2024-06-10T12:56:28","guid":{"rendered":"https:\/\/agora.xtec.cat\/esc-lasiniamolins\/?p=3422"},"modified":"2024-06-12T13:31:21","modified_gmt":"2024-06-12T11:31:21","slug":"el-viatge-dansa-quan-lart-es-mou","status":"publish","type":"post","link":"https:\/\/agora.xtec.cat\/esc-lasiniamolins\/general\/el-viatge-dansa-quan-lart-es-mou\/","title":{"rendered":"&#8220;EL VIATGE DANSA QUAN L&#8217;ART ES MOU&#8221;"},"content":{"rendered":"<p>I tot va comen\u00e7ar&#8230;<\/p>\n<p>Una tarda de maig&#8230; Els infants de petits \u00e9rem a les aules fent diferents propostes, quan de sobte un senyor anomenat Pep (en aquell moment encara no ho sab\u00edem) ens va sobresaltar&#8230; Venia carregat de maletes amb una vestimenta ben curiosa, talment semblava que acab\u00e9s d&#8217;aterrar d&#8217;un viatge lluny\u00e0. I ens venia a visitar per explicar-nos, fil per randa, tot i cadascun dels seus darrers viatges. I aquest va ser el seu <a href=\"https:\/\/docs.google.com\/document\/d\/1MBsQNP_4loANq-2FT1RBSfGFVkx_z7_NynF8tP4dEMQ\/edit\">discurs<\/a>&#8230;<\/p>\n<p style=\"text-align: center;\"><a href=\"https:\/\/photos.app.goo.gl\/hkkf9fpHqWoKabPW8\"><img loading=\"lazy\" decoding=\"async\" class=\" aligncenter\" src=\"https:\/\/lh3.googleusercontent.com\/pw\/AP1GczM1mEBpblzHAQeIuEzkwtnFF6YZnJvQID61ExmzhKg1LRayVdvKtEckMziHRxaWXL01735uzHwewC1Meb9iBYcEolbsQWtyN_gPRB7J8utxafzrIW84n6qdRbD2g8zS5IKwfzGyLWhVypHJcZDFv4PVxA=w711-h948-s-no-gm?authuser=0\" width=\"233\" height=\"311\" \/><\/a><a href=\"https:\/\/photos.app.goo.gl\/hkkf9fpHqWoKabPW8\">(feu clic a la foto)<\/a><\/p>\n<p>Com??? Ens demanava explicar els seus viatges sense paraules, sense comunicar-nos amb llenguatge&#8230; I com que els infants de la S\u00ednia ens agraden els reptes li vam dir que s\u00ed, que ho intentar\u00edem i que de seguida que aconsegu\u00edssim el repte li far\u00edem saber.<\/p>\n<p>I l&#8217;endem\u00e0&#8230; L&#8217;endem\u00e0 al mat\u00ed se&#8217;ns va obrir el m\u00f3n, quan una ballarina, la Cl\u00e0udia, ens va explicar sentiments, accions, moviments&#8230; sense paraules. \u00danicament feia servir el cos per explicar-nos el que li anava succeint en tot moment.<\/p>\n<p><a href=\"https:\/\/photos.app.goo.gl\/Y9v38x1KA7U3VCx17\"><img loading=\"lazy\" decoding=\"async\" class=\"aligncenter\" src=\"https:\/\/lh3.googleusercontent.com\/pw\/AP1GczOH4igUZd-IUCj8jJURQ4hD5sY6PKQ7l90u3-URf3fxUhPTXaAwfyR_nNlMMc1q82mzmlgl_hdX1aY7FmHtHOZ1TNenydpIM_r3jGaWjj2XP68v301xvwixCyc1KhQdIjvPgRXD0aW0zJOvA69KC3pt5w=w1266-h949-s-no-gm?authuser=0\" width=\"547\" height=\"410\" \/><\/a><\/p>\n<p style=\"text-align: center;\"><a href=\"https:\/\/photos.app.goo.gl\/Y9v38x1KA7U3VCx17\">(feu clic a la foto)<\/a><\/p>\n<p>Durant una setmana vam estar experimentant sensacions amb el nostre cos a trav\u00e9s de diferents tallers. Tallers relacionats amb l&#8217;espai, el moviment i el coneixement del propi cos. I una vegada vam anar deixant-nos anar i transmetent amb el cos el que ens succe\u00efa ens vam llan\u00e7ar a explicar el viatge que el Pep ens havia encomanat a cada aula.<\/p>\n<p>Els blaus, Pa\u00efsos \u00c0rabs. Els grocs, el nord d&#8217;Europa i l&#8217;anell de foc. Els taronges, la gran ciutat de Nova York. Els verds, \u00c0frica. Els liles, Austr\u00e0lia i els vermells les illes de la Polin\u00e8sia.<\/p>\n<p><a href=\"https:\/\/photos.app.goo.gl\/UTBzfzM1U8HsSkTUA\"><img loading=\"lazy\" decoding=\"async\" class=\"aligncenter\" src=\"https:\/\/lh3.googleusercontent.com\/pw\/AP1GczNh1hEygcKrazU3nZUMx7cZRw0Z78i8wGFVn6t6ROAekoHZnZPwEOYUi5m0kWJjUmomY9y_Z_vlruM5eFMSmAfa6VbcTA8emN3hn45gq5-A3EG0LaHMDRU1-4aiebUsh8h0ba6F8mtYGdTj78S-imGoBw=w426-h948-s-no-gm?authuser=0\" width=\"99\" height=\"220\" \/><\/a><\/p>\n<p style=\"text-align: center;\"><a href=\"https:\/\/photos.app.goo.gl\/UTBzfzM1U8HsSkTUA\">(feu clic a la foto)<\/a><\/p>\n<p>I quan vam encadenar tots els viatges, aquest va ser el resultat:<\/p>\n<p><iframe loading=\"lazy\" title=\"Projecte artistic\" width=\"500\" height=\"281\" src=\"https:\/\/www.youtube.com\/embed\/0soDQc-oQr8?feature=oembed\" frameborder=\"0\" allow=\"accelerometer; autoplay; clipboard-write; encrypted-media; gyroscope; picture-in-picture; web-share\" referrerpolicy=\"strict-origin-when-cross-origin\" allowfullscreen><\/iframe><\/p>\n<p>&nbsp;<\/p>\n","protected":false},"excerpt":{"rendered":"<p>I tot va comen\u00e7ar&#8230;<br \/>\nUna tarda de maig&#8230; Els infants de petits \u00e9rem a les aules fent diferents propostes, quan de sobte un senyor anomenat Pep (en aquell moment encara no ho sab\u00edem) ens va sobresaltar&#8230; Venia carregat de maletes amb una vestimenta ben curiosa, talment&hellip;  <a href=\"https:\/\/agora.xtec.cat\/esc-lasiniamolins\/general\/el-viatge-dansa-quan-lart-es-mou\/\" title=\"Read &#8220;EL VIATGE DANSA QUAN L&#8217;ART ES MOU&#8221;\">Llegeix m\u00e9s\u00bb<\/a><\/p>\n","protected":false},"author":8,"featured_media":0,"comment_status":"open","ping_status":"closed","sticky":false,"template":"","format":"standard","meta":{"_bbp_topic_count":0,"_bbp_reply_count":0,"_bbp_total_topic_count":0,"_bbp_total_reply_count":0,"_bbp_voice_count":0,"_bbp_anonymous_reply_count":0,"_bbp_topic_count_hidden":0,"_bbp_reply_count_hidden":0,"_bbp_forum_subforum_count":0,"footnotes":""},"categories":[3,8,9,207,4,1],"tags":[398],"class_list":["post-3422","post","type-post","status-publish","format-standard","hentry","category-p3","category-p4","category-p5","category-petits","category-portada","category-general","tag-curs-23-24"],"post_mailing_queue_ids":[],"_links":{"self":[{"href":"https:\/\/agora.xtec.cat\/esc-lasiniamolins\/wp-json\/wp\/v2\/posts\/3422","targetHints":{"allow":["GET"]}}],"collection":[{"href":"https:\/\/agora.xtec.cat\/esc-lasiniamolins\/wp-json\/wp\/v2\/posts"}],"about":[{"href":"https:\/\/agora.xtec.cat\/esc-lasiniamolins\/wp-json\/wp\/v2\/types\/post"}],"author":[{"embeddable":true,"href":"https:\/\/agora.xtec.cat\/esc-lasiniamolins\/wp-json\/wp\/v2\/users\/8"}],"replies":[{"embeddable":true,"href":"https:\/\/agora.xtec.cat\/esc-lasiniamolins\/wp-json\/wp\/v2\/comments?post=3422"}],"version-history":[{"count":6,"href":"https:\/\/agora.xtec.cat\/esc-lasiniamolins\/wp-json\/wp\/v2\/posts\/3422\/revisions"}],"predecessor-version":[{"id":3436,"href":"https:\/\/agora.xtec.cat\/esc-lasiniamolins\/wp-json\/wp\/v2\/posts\/3422\/revisions\/3436"}],"wp:attachment":[{"href":"https:\/\/agora.xtec.cat\/esc-lasiniamolins\/wp-json\/wp\/v2\/media?parent=3422"}],"wp:term":[{"taxonomy":"category","embeddable":true,"href":"https:\/\/agora.xtec.cat\/esc-lasiniamolins\/wp-json\/wp\/v2\/categories?post=3422"},{"taxonomy":"post_tag","embeddable":true,"href":"https:\/\/agora.xtec.cat\/esc-lasiniamolins\/wp-json\/wp\/v2\/tags?post=3422"}],"curies":[{"name":"wp","href":"https:\/\/api.w.org\/{rel}","templated":true}]}}