{"id":3412,"date":"2024-06-03T17:43:56","date_gmt":"2024-06-03T15:43:56","guid":{"rendered":"https:\/\/agora.xtec.cat\/esc-lasiniamolins\/?p=3412"},"modified":"2024-06-03T17:43:56","modified_gmt":"2024-06-03T15:43:56","slug":"23-24-3r-els-pollets","status":"publish","type":"post","link":"https:\/\/agora.xtec.cat\/esc-lasiniamolins\/portada\/23-24-3r-els-pollets\/","title":{"rendered":"23-24 3r ELS POLLETS"},"content":{"rendered":"<p><span style=\"font-weight: 400;\">Amb l\u2019esclat de la primavera vam poder gaudir d\u2019unes col\u00f2nies fant\u00e0stiques, que tenim clar que les recordarem sempre. Les abelles reina, l\u2019egua parint, la cabra petita, la llet i el pa\u2026 Experi\u00e8ncies que recordem amb un somriure i que van acabar amb el regal de donar-nos 14 ous fecundats.\u00a0<\/span><\/p>\n<p><span style=\"font-weight: 400;\">Quin gran enc\u00e0rrec hem tingut! Com \u00e9s la reproducci\u00f3 ov\u00edpara? I la humana? Converses a casa de gestaci\u00f3 i naixement, ecos, ovoscopi&#8230; Com han anat creixent els pollets dintre l\u2019ou i quants dies han trigat a n\u00e9ixer. Quines condicions necessiten una vegada han nascut, com els hem pogut cuidar i quina selecci\u00f3 ha fet la natura\u2026 Hip\u00f2tesis, el seu sexe i grans descobertes. Llenguatge t\u00e8cnic i vivencial. Qui es quedar\u00e0 els pollets?\u00a0<\/span><\/p>\n<p><span style=\"font-weight: 400;\">Per qu\u00e8 no han fet eclosi\u00f3 alguns ous? Fem un dibuix deixant la imaginaci\u00f3 a banda: dibuix naturalista, quina pudor! Qui ho neteja?\u00a0<\/span><\/p>\n<p><span style=\"font-weight: 400;\">Si n\u2019han passat de coses\u2026 Si cliqueu <a href=\"https:\/\/photos.app.goo.gl\/QfUQLRGhSifWqueA6\">aqu\u00ed<\/a> podreu accedir a la galeria d&#8217;imatges.<\/span><\/p>\n<p><span style=\"font-weight: 400;\">Gr\u00e0cies, canalla.\u00a0<\/span><\/p>\n<p>&nbsp;<\/p>\n<p>&nbsp;<\/p>\n","protected":false},"excerpt":{"rendered":"<p>Amb l\u2019esclat de la primavera vam poder gaudir d\u2019unes col\u00f2nies fant\u00e0stiques, que tenim clar que les recordarem sempre. Les abelles reina, l\u2019egua parint, la cabra petita, la llet i el pa\u2026 Experi\u00e8ncies que recordem amb un somriure i que van acabar amb el regal de&hellip;  <a href=\"https:\/\/agora.xtec.cat\/esc-lasiniamolins\/portada\/23-24-3r-els-pollets\/\" title=\"Read 23-24 3r ELS POLLETS\">Llegeix m\u00e9s\u00bb<\/a><\/p>\n","protected":false},"author":8,"featured_media":0,"comment_status":"open","ping_status":"closed","sticky":false,"template":"","format":"standard","meta":{"_bbp_topic_count":0,"_bbp_reply_count":0,"_bbp_total_topic_count":0,"_bbp_total_reply_count":0,"_bbp_voice_count":0,"_bbp_anonymous_reply_count":0,"_bbp_topic_count_hidden":0,"_bbp_reply_count_hidden":0,"_bbp_forum_subforum_count":0,"footnotes":""},"categories":[12,208,4],"tags":[64,101,398,185,80],"class_list":["post-3412","post","type-post","status-publish","format-standard","hentry","category-3r","category-mitjans","category-portada","tag-3r","tag-colonies","tag-curs-23-24","tag-pollets","tag-projectes"],"post_mailing_queue_ids":[],"_links":{"self":[{"href":"https:\/\/agora.xtec.cat\/esc-lasiniamolins\/wp-json\/wp\/v2\/posts\/3412","targetHints":{"allow":["GET"]}}],"collection":[{"href":"https:\/\/agora.xtec.cat\/esc-lasiniamolins\/wp-json\/wp\/v2\/posts"}],"about":[{"href":"https:\/\/agora.xtec.cat\/esc-lasiniamolins\/wp-json\/wp\/v2\/types\/post"}],"author":[{"embeddable":true,"href":"https:\/\/agora.xtec.cat\/esc-lasiniamolins\/wp-json\/wp\/v2\/users\/8"}],"replies":[{"embeddable":true,"href":"https:\/\/agora.xtec.cat\/esc-lasiniamolins\/wp-json\/wp\/v2\/comments?post=3412"}],"version-history":[{"count":2,"href":"https:\/\/agora.xtec.cat\/esc-lasiniamolins\/wp-json\/wp\/v2\/posts\/3412\/revisions"}],"predecessor-version":[{"id":3414,"href":"https:\/\/agora.xtec.cat\/esc-lasiniamolins\/wp-json\/wp\/v2\/posts\/3412\/revisions\/3414"}],"wp:attachment":[{"href":"https:\/\/agora.xtec.cat\/esc-lasiniamolins\/wp-json\/wp\/v2\/media?parent=3412"}],"wp:term":[{"taxonomy":"category","embeddable":true,"href":"https:\/\/agora.xtec.cat\/esc-lasiniamolins\/wp-json\/wp\/v2\/categories?post=3412"},{"taxonomy":"post_tag","embeddable":true,"href":"https:\/\/agora.xtec.cat\/esc-lasiniamolins\/wp-json\/wp\/v2\/tags?post=3412"}],"curies":[{"name":"wp","href":"https:\/\/api.w.org\/{rel}","templated":true}]}}