{"id":3382,"date":"2024-05-22T11:48:57","date_gmt":"2024-05-22T09:48:57","guid":{"rendered":"https:\/\/agora.xtec.cat\/esc-lasiniamolins\/?p=3382"},"modified":"2024-05-22T11:48:57","modified_gmt":"2024-05-22T09:48:57","slug":"2n-colonies-a-mas-franch","status":"publish","type":"post","link":"https:\/\/agora.xtec.cat\/esc-lasiniamolins\/portada\/2n-colonies-a-mas-franch\/","title":{"rendered":"2n COL\u00d2NIES A MAS FRANCH"},"content":{"rendered":"<p>Els dies 8, 9 i 10 de maig tots els infants de 2n vam marxar a visitar en Bartomeu a la casa de col\u00f2nies de Mas Franch.<\/p>\n<p>L&#8217;hav\u00edem d&#8217;ajudar a conv\u00e8ncer als \u00e9ssers de la natura que l&#8217;\u00e9sser hum\u00e0 encara \u00e9s digne de confian\u00e7a.<\/p>\n<p>Van ser uns dies intensos amb moltes emocions i aprenentatges compartits.<\/p>\n<p>Aqu\u00ed us deixem les imatges, per\u00f2 ben segur que necessitareu un bon guia per entendre-les. No dubteu a seure al costat dels vostres infants per compartir-les!<\/p>\n<figure class=\"figure wp-caption aligncenter\"><a href=\"https:\/\/photos.app.goo.gl\/7iG5VnwBZedQeha76\"><img loading=\"lazy\" decoding=\"async\" class=\"size-large\" src=\"https:\/\/lh3.googleusercontent.com\/pw\/AP1GczO0uQosfsjE3v5FjTad3NZQi8HyN5bELShVFfetWChCWktMBIUWGR7jS8CrXzpakgiVujDbZDTfygdQWeG-n5Skgxdz0itMjnn0zehHx3L6kKmrsyp5czSGbeG1SUY2XE5aiFzrxl1Lr8DgqMWPUAjwsw=w985-h739-s-no-gm?authuser=1\" alt=\"Feu clic aqui per veure les imatges\" width=\"985\" height=\"739\" \/><\/a><figcaption class=\"wp-caption-text\">Feu clic aqui per veure les imatges<\/figcaption><\/figure>\n","protected":false},"excerpt":{"rendered":"<p>Els dies 8, 9 i 10 de maig tots els infants de 2n vam marxar a visitar en Bartomeu a la casa de col\u00f2nies de Mas Franch.<br \/>\nL&#8217;hav\u00edem d&#8217;ajudar a conv\u00e8ncer als \u00e9ssers de la natura que l&#8217;\u00e9sser hum\u00e0 encara \u00e9s digne de confian\u00e7a.<br \/>\nVan ser uns&hellip;  <a href=\"https:\/\/agora.xtec.cat\/esc-lasiniamolins\/portada\/2n-colonies-a-mas-franch\/\" title=\"Read 2n COL\u00d2NIES A MAS FRANCH\">Llegeix m\u00e9s\u00bb<\/a><\/p>\n","protected":false},"author":1,"featured_media":0,"comment_status":"open","ping_status":"closed","sticky":false,"template":"","format":"standard","meta":{"_bbp_topic_count":0,"_bbp_reply_count":0,"_bbp_total_topic_count":0,"_bbp_total_reply_count":0,"_bbp_voice_count":0,"_bbp_anonymous_reply_count":0,"_bbp_topic_count_hidden":0,"_bbp_reply_count_hidden":0,"_bbp_forum_subforum_count":0,"footnotes":""},"categories":[11,208,4],"tags":[92,473,101,472,361,397],"class_list":["post-3382","post","type-post","status-publish","format-standard","hentry","category-2n","category-mitjans","category-portada","tag-2n","tag-bartomeu","tag-colonies","tag-colonies-curs-23-24","tag-mas-franch","tag-segon"],"post_mailing_queue_ids":[],"_links":{"self":[{"href":"https:\/\/agora.xtec.cat\/esc-lasiniamolins\/wp-json\/wp\/v2\/posts\/3382","targetHints":{"allow":["GET"]}}],"collection":[{"href":"https:\/\/agora.xtec.cat\/esc-lasiniamolins\/wp-json\/wp\/v2\/posts"}],"about":[{"href":"https:\/\/agora.xtec.cat\/esc-lasiniamolins\/wp-json\/wp\/v2\/types\/post"}],"author":[{"embeddable":true,"href":"https:\/\/agora.xtec.cat\/esc-lasiniamolins\/wp-json\/wp\/v2\/users\/1"}],"replies":[{"embeddable":true,"href":"https:\/\/agora.xtec.cat\/esc-lasiniamolins\/wp-json\/wp\/v2\/comments?post=3382"}],"version-history":[{"count":1,"href":"https:\/\/agora.xtec.cat\/esc-lasiniamolins\/wp-json\/wp\/v2\/posts\/3382\/revisions"}],"predecessor-version":[{"id":3383,"href":"https:\/\/agora.xtec.cat\/esc-lasiniamolins\/wp-json\/wp\/v2\/posts\/3382\/revisions\/3383"}],"wp:attachment":[{"href":"https:\/\/agora.xtec.cat\/esc-lasiniamolins\/wp-json\/wp\/v2\/media?parent=3382"}],"wp:term":[{"taxonomy":"category","embeddable":true,"href":"https:\/\/agora.xtec.cat\/esc-lasiniamolins\/wp-json\/wp\/v2\/categories?post=3382"},{"taxonomy":"post_tag","embeddable":true,"href":"https:\/\/agora.xtec.cat\/esc-lasiniamolins\/wp-json\/wp\/v2\/tags?post=3382"}],"curies":[{"name":"wp","href":"https:\/\/api.w.org\/{rel}","templated":true}]}}