{"id":3373,"date":"2024-05-12T18:50:49","date_gmt":"2024-05-12T16:50:49","guid":{"rendered":"https:\/\/agora.xtec.cat\/esc-lasiniamolins\/?p=3373"},"modified":"2024-05-12T18:50:49","modified_gmt":"2024-05-12T16:50:49","slug":"colonies-p3-a-can-foix","status":"publish","type":"post","link":"https:\/\/agora.xtec.cat\/esc-lasiniamolins\/general\/petits\/p3\/colonies-p3-a-can-foix\/","title":{"rendered":"COL\u00d2NIES P3 A CAN FOIX"},"content":{"rendered":"<p>Despr\u00e9s de l&#8217;ensurt tan gran que vam tenir en veure que el nostre follet\u00a0<span class=\"hiddenSpellError\">Jep<\/span>\u00a0havia desaparegut van succeir-se un seguit d&#8217;esdeveniments que ens van portar a haver d&#8217;anar, nosaltres mateixos, a buscar-lo a Can Foix, la casa on viu el Follet Pinxo.<br \/>\nVam preparar la motxilla, les polseres i collarets de picarols i vam aprendre la can\u00e7\u00f3 que ens motivaria abans, durant i despr\u00e9s de les col\u00f2nies.<br \/>\nUna vegada vam arribar a Cubelles, plovia. Per\u00f2 ten\u00edem tants\u00a0<span class=\"hiddenSpellError\">\u00edmputs<\/span>\u00a0al voltant que la pluja va deixar de ser la protagonista per donar lloc a la hist\u00f2ria, la nostra hist\u00f2ria que hav\u00edem iniciat a l&#8217;escola i hav\u00edem de continuar escrivint. I aix\u00ed ho vam fer&#8230;<br \/>\nDespr\u00e9s d&#8217;esmorzar, vam preparar les habitacions on dormir\u00edem i vam tenir la sort de con\u00e8ixer dos personatges que tindrien molt de pes en el rescat del nostre amic\u00a0<span class=\"hiddenSpellError\">Jep<\/span>. Aquests personatges s\u00f3n el Follet Pinxo i l&#8217;aranya Aur\u00e8lia. Aquesta \u00faltima tenia molt mal de panxa i aix\u00f2 feia que no deixes d&#8217;expulsar teranyines enganxifoses&#8230; Com que la vol\u00edem ajudar a recuperar-se, a la tarda vam anar a buscar tot un seguit d&#8217;ingredients per fer el beuratge i poder-la curar. Els vam trobar tots excepte un, la pols m\u00e0gica de les cuques de llum. Vam pensar com podr\u00edem aconseguir-la i vam tenir la brillant idea d&#8217;esperar la nit per a poder veure les cuques de llum i aconseguir una mica de pols&#8230; I aix\u00ed mateix va ser. Quan es va fer ben fosc, les cuques de llum van sortir a fer un vol i vam\u00a0<span class=\"hiddenGreenError\" style=\"padding-bottom: 2px; background-image: url('..\/..\/..\/..\/..\/images\/squiggle_green.png'); background-repeat: repeat-x; background-position: left bottom; cursor: default; color: #000000; font-family: 'Open Sans', Helvetica, Arial, sans-serif; font-size: 16px; font-style: normal; font-variant-ligatures: normal; font-variant-caps: normal; font-weight: 300; letter-spacing: normal; orphans: 2; text-align: start; text-indent: 0px; text-transform: none; widows: 2; word-spacing: 0px; -webkit-text-stroke-width: 0px; white-space: normal; text-decoration-thickness: initial; text-decoration-style: initial; text-decoration-color: initial;\">aconseguir<\/span>\u00a0agafar-ne per poder acabar de fer el beuratge. I amb aquesta darrera fita del dia vam anar a dormir esgotats&#8230;<br \/>\nL&#8217;endem\u00e0, amb les piles ben carregades i un bon esmorzar, vam seguir les indicacions del Follet Pinxo i ens vam endinsar al bosc tot seguint un seguit de petjades que ens alertaven d&#8217;alguna cosa que estava a prop nostre. I despr\u00e9s de passar per sota i per sobre de diverses teranyines, el vam veure, el Follet\u00a0<span class=\"hiddenSpellError\">Jep<\/span>\u00a0era davant nostre! Per\u00f2 hi havia un problema, estava enganxat a una teranyina i nom\u00e9s el nostre beuratge podria desenganxar-lo!<br \/>\nAix\u00ed que despr\u00e9s d&#8217;afegir la pols m\u00e0gica de les cuques de llum, vam remenar l&#8217;olla amb energia i com m\u00e9s remen\u00e0vem m\u00e9s fum sortia fins a convertir-se en un fum blau esp\u00e8s que va alliberar en\u00a0<span class=\"hiddenSpellError\">Jep<\/span>. L&#8217;efecte del fum va acabar i una altre cop vam perdre de vista el follet\u00a0<span class=\"hiddenSpellError\">Jep<\/span>\u00a0i, quan el des\u00e0nim arribava, alg\u00fa va dir: Mireu, \u00e9s all\u00e0, dalt de l&#8217;arbre! I amb un somriure d&#8217;orella a orella i una mirada d&#8217;agra\u00efment ens observava des de la branca m\u00e9s alta de totes. Amb molta cura, el vam agafar i amb crits d&#8217;alegria vam tornar a la casa per fer un bon dinar i marxar cap a casa amb el gran repte aconseguit: ajudar el nostre follet m\u00e9s preuat, el follet\u00a0<span class=\"hiddenSpellError\">Jep<\/span>.<\/p>\n<p><a href=\"https:\/\/photos.app.goo.gl\/11LYRB48FKrB2AG8A\">Aqu\u00ed us deixem unes quantes imatges de la motivaci\u00f3 a l&#8217;escola:<\/a><\/p>\n<p><a href=\"https:\/\/photos.app.goo.gl\/11LYRB48FKrB2AG8A\"><img loading=\"lazy\" decoding=\"async\" class=\"alignnone size-large\" src=\"https:\/\/lh3.googleusercontent.com\/pw\/AP1GczOMqWm1xznbLZWIohqkZFU1QWz4bnrgP5HLRIAzblgFBongRt8feAbbWkF2EI3HT57MhRVjBHM_M4tUqH5B56_bpWYBIHhk5k-YRUfCwx3as75R-wuQXzLG9Dqih2CAwJOOA2gW0_M_rf9jFIb9VYfN=w1265-h948-s-no-gm?authuser=0\" width=\"1265\" height=\"948\" \/><\/a><\/p>\n<p>&nbsp;<\/p>\n<p><a href=\"https:\/\/photos.app.goo.gl\/6Q7zU5aiKJRY6Der9\">Aqu\u00ed us deixem unes quantes imatges a can Foix:<\/a><\/p>\n<p><a href=\"https:\/\/photos.app.goo.gl\/6Q7zU5aiKJRY6Der9\"><img loading=\"lazy\" decoding=\"async\" class=\"alignnone size-large\" src=\"https:\/\/lh3.googleusercontent.com\/pw\/AP1GczO3BDroo0yqrmnD4YsWM7e7x9mo001lR2ZCZNulWhYhn-pw6foMR2LRvCjBkVG8dzracYURFKo1V3usmz9mEvQEAruhUVRjWmv3Yh35UsEQI61_LGTQ4Qi0FsyvhxFdrO6J5d3LAT8RdyT0Aw35i5kV=w1265-h948-s-no-gm?authuser=0\" width=\"1265\" height=\"948\" \/><\/a><\/p>\n","protected":false},"excerpt":{"rendered":"<p>Despr\u00e9s de l&#8217;ensurt tan gran que vam tenir en veure que el nostre follet\u00a0Jep\u00a0havia desaparegut van succeir-se un seguit d&#8217;esdeveniments que ens van portar a haver d&#8217;anar, nosaltres mateixos, a buscar-lo a Can Foix, la casa on viu el Follet Pinxo.<br \/>\nVam preparar la motxilla, les&hellip;  <a href=\"https:\/\/agora.xtec.cat\/esc-lasiniamolins\/general\/petits\/p3\/colonies-p3-a-can-foix\/\" title=\"Read COL\u00d2NIES P3 A CAN FOIX\">Llegeix m\u00e9s\u00bb<\/a><\/p>\n","protected":false},"author":1,"featured_media":0,"comment_status":"open","ping_status":"closed","sticky":false,"template":"","format":"standard","meta":{"_bbp_topic_count":0,"_bbp_reply_count":0,"_bbp_total_topic_count":0,"_bbp_total_reply_count":0,"_bbp_voice_count":0,"_bbp_anonymous_reply_count":0,"_bbp_topic_count_hidden":0,"_bbp_reply_count_hidden":0,"_bbp_forum_subforum_count":0,"footnotes":""},"categories":[3,207,4],"tags":[350,398,416],"class_list":["post-3373","post","type-post","status-publish","format-standard","hentry","category-p3","category-petits","category-portada","tag-colonies-p3","tag-curs-23-24","tag-p3-blaus-i-grocs"],"post_mailing_queue_ids":[],"_links":{"self":[{"href":"https:\/\/agora.xtec.cat\/esc-lasiniamolins\/wp-json\/wp\/v2\/posts\/3373","targetHints":{"allow":["GET"]}}],"collection":[{"href":"https:\/\/agora.xtec.cat\/esc-lasiniamolins\/wp-json\/wp\/v2\/posts"}],"about":[{"href":"https:\/\/agora.xtec.cat\/esc-lasiniamolins\/wp-json\/wp\/v2\/types\/post"}],"author":[{"embeddable":true,"href":"https:\/\/agora.xtec.cat\/esc-lasiniamolins\/wp-json\/wp\/v2\/users\/1"}],"replies":[{"embeddable":true,"href":"https:\/\/agora.xtec.cat\/esc-lasiniamolins\/wp-json\/wp\/v2\/comments?post=3373"}],"version-history":[{"count":1,"href":"https:\/\/agora.xtec.cat\/esc-lasiniamolins\/wp-json\/wp\/v2\/posts\/3373\/revisions"}],"predecessor-version":[{"id":3374,"href":"https:\/\/agora.xtec.cat\/esc-lasiniamolins\/wp-json\/wp\/v2\/posts\/3373\/revisions\/3374"}],"wp:attachment":[{"href":"https:\/\/agora.xtec.cat\/esc-lasiniamolins\/wp-json\/wp\/v2\/media?parent=3373"}],"wp:term":[{"taxonomy":"category","embeddable":true,"href":"https:\/\/agora.xtec.cat\/esc-lasiniamolins\/wp-json\/wp\/v2\/categories?post=3373"},{"taxonomy":"post_tag","embeddable":true,"href":"https:\/\/agora.xtec.cat\/esc-lasiniamolins\/wp-json\/wp\/v2\/tags?post=3373"}],"curies":[{"name":"wp","href":"https:\/\/api.w.org\/{rel}","templated":true}]}}