{"id":3296,"date":"2023-12-17T10:50:49","date_gmt":"2023-12-17T09:50:49","guid":{"rendered":"https:\/\/agora.xtec.cat\/esc-lasiniamolins\/?p=3296"},"modified":"2024-05-02T10:52:46","modified_gmt":"2024-05-02T08:52:46","slug":"projecte-sobre-lemergencia-climatica-a-6e","status":"publish","type":"post","link":"https:\/\/agora.xtec.cat\/esc-lasiniamolins\/portada\/projecte-sobre-lemergencia-climatica-a-6e\/","title":{"rendered":"Projecte sobre l&#8217;emerg\u00e8ncia clim\u00e0tica a 6\u00e8"},"content":{"rendered":"<p>Durant el primer trimestre, un dels projectes que vam treballar, va ser sobre l&#8217;emerg\u00e8ncia clim\u00e0tica. Aix\u00f2 ens va portar a fer una manifestaci\u00f3 el dia 2 de novembre, considerem que va ser una experi\u00e8ncia molt motivadora.<\/p>\n<p>Compartim amb vosaltres el nostre manifest en aquest QR:<\/p>\n<p><img loading=\"lazy\" decoding=\"async\" class=\"wp-image-3297 alignnone\" src=\"https:\/\/agora.xtec.cat\/esc-lasiniamolins\/wp-content\/uploads\/usu2018\/2024\/04\/Manifest-_Save-the-planet_-6e-La-Sinia.png\" alt=\"\" width=\"242\" height=\"242\" srcset=\"https:\/\/agora.xtec.cat\/esc-lasiniamolins\/wp-content\/uploads\/usu2018\/2024\/04\/Manifest-_Save-the-planet_-6e-La-Sinia.png 3150w, https:\/\/agora.xtec.cat\/esc-lasiniamolins\/wp-content\/uploads\/usu2018\/2024\/04\/Manifest-_Save-the-planet_-6e-La-Sinia-300x300.png 300w, https:\/\/agora.xtec.cat\/esc-lasiniamolins\/wp-content\/uploads\/usu2018\/2024\/04\/Manifest-_Save-the-planet_-6e-La-Sinia-1024x1024.png 1024w, https:\/\/agora.xtec.cat\/esc-lasiniamolins\/wp-content\/uploads\/usu2018\/2024\/04\/Manifest-_Save-the-planet_-6e-La-Sinia-150x150.png 150w, https:\/\/agora.xtec.cat\/esc-lasiniamolins\/wp-content\/uploads\/usu2018\/2024\/04\/Manifest-_Save-the-planet_-6e-La-Sinia-768x768.png 768w, https:\/\/agora.xtec.cat\/esc-lasiniamolins\/wp-content\/uploads\/usu2018\/2024\/04\/Manifest-_Save-the-planet_-6e-La-Sinia-1536x1536.png 1536w, https:\/\/agora.xtec.cat\/esc-lasiniamolins\/wp-content\/uploads\/usu2018\/2024\/04\/Manifest-_Save-the-planet_-6e-La-Sinia-2048x2048.png 2048w\" sizes=\"auto, (max-width: 242px) 100vw, 242px\" \/><a href=\"https:\/\/photos.google.com\/album\/AF1QipMI9VHgI0QFnUqEihN0XaezdXfsSB5WA4haoZk2\">https:\/\/photos.google.com\/album\/AF1QipMI9VHgI0QFnUqEihN0XaezdXfsSB5WA4haoZk2<\/a><\/p>\n","protected":false},"excerpt":{"rendered":"<p>Durant el primer trimestre, un dels projectes que vam treballar, va ser sobre l&#8217;emerg\u00e8ncia clim\u00e0tica. Aix\u00f2 ens va portar a fer una manifestaci\u00f3 el dia 2 de novembre, considerem que va ser una experi\u00e8ncia molt motivadora.<br \/>\nCompartim amb vosaltres el nostre manifest en aquest QR:<br \/>\n<a href=\"https:\/\/photos.google.com\/album\/AF1QipMI9VHgI0QFnUqEihN0XaezdXfsSB5WA4haoZk2\">https:\/\/photos.google.com\/album\/AF1QipMI9VHgI0QFnUqEihN0XaezdXfsSB5WA4haoZk2<\/a><\/p>\n","protected":false},"author":8,"featured_media":3298,"comment_status":"open","ping_status":"closed","sticky":false,"template":"","format":"standard","meta":{"_bbp_topic_count":0,"_bbp_reply_count":0,"_bbp_total_topic_count":0,"_bbp_total_reply_count":0,"_bbp_voice_count":0,"_bbp_anonymous_reply_count":0,"_bbp_topic_count_hidden":0,"_bbp_reply_count_hidden":0,"_bbp_forum_subforum_count":0,"footnotes":""},"categories":[15,209,4],"tags":[68,70,398,69,226,80],"class_list":["post-3296","post","type-post","status-publish","format-standard","has-post-thumbnail","hentry","category-6e","category-grans","category-portada","tag-6e","tag-agulles-damitges","tag-curs-23-24","tag-els-encantats","tag-grans","tag-projectes"],"post_mailing_queue_ids":[],"_links":{"self":[{"href":"https:\/\/agora.xtec.cat\/esc-lasiniamolins\/wp-json\/wp\/v2\/posts\/3296","targetHints":{"allow":["GET"]}}],"collection":[{"href":"https:\/\/agora.xtec.cat\/esc-lasiniamolins\/wp-json\/wp\/v2\/posts"}],"about":[{"href":"https:\/\/agora.xtec.cat\/esc-lasiniamolins\/wp-json\/wp\/v2\/types\/post"}],"author":[{"embeddable":true,"href":"https:\/\/agora.xtec.cat\/esc-lasiniamolins\/wp-json\/wp\/v2\/users\/8"}],"replies":[{"embeddable":true,"href":"https:\/\/agora.xtec.cat\/esc-lasiniamolins\/wp-json\/wp\/v2\/comments?post=3296"}],"version-history":[{"count":2,"href":"https:\/\/agora.xtec.cat\/esc-lasiniamolins\/wp-json\/wp\/v2\/posts\/3296\/revisions"}],"predecessor-version":[{"id":3300,"href":"https:\/\/agora.xtec.cat\/esc-lasiniamolins\/wp-json\/wp\/v2\/posts\/3296\/revisions\/3300"}],"wp:featuredmedia":[{"embeddable":true,"href":"https:\/\/agora.xtec.cat\/esc-lasiniamolins\/wp-json\/wp\/v2\/media\/3298"}],"wp:attachment":[{"href":"https:\/\/agora.xtec.cat\/esc-lasiniamolins\/wp-json\/wp\/v2\/media?parent=3296"}],"wp:term":[{"taxonomy":"category","embeddable":true,"href":"https:\/\/agora.xtec.cat\/esc-lasiniamolins\/wp-json\/wp\/v2\/categories?post=3296"},{"taxonomy":"post_tag","embeddable":true,"href":"https:\/\/agora.xtec.cat\/esc-lasiniamolins\/wp-json\/wp\/v2\/tags?post=3296"}],"curies":[{"name":"wp","href":"https:\/\/api.w.org\/{rel}","templated":true}]}}