{"id":3289,"date":"2024-04-25T14:52:18","date_gmt":"2024-04-25T12:52:18","guid":{"rendered":"https:\/\/agora.xtec.cat\/esc-lasiniamolins\/?p=3289"},"modified":"2024-04-25T14:52:18","modified_gmt":"2024-04-25T12:52:18","slug":"3r-projecte-els-compositors-entren-a-laula","status":"publish","type":"post","link":"https:\/\/agora.xtec.cat\/esc-lasiniamolins\/portada\/3r-projecte-els-compositors-entren-a-laula\/","title":{"rendered":"3r Projecte &#8220;Els compositors entren a l&#8217;aula&#8221;"},"content":{"rendered":"<p><img loading=\"lazy\" decoding=\"async\" class=\"aligncenter size-full wp-image-3293\" src=\"https:\/\/agora.xtec.cat\/esc-lasiniamolins\/wp-content\/uploads\/usu2018\/2024\/04\/WhatsApp-Image-2024-04-19-at-20.58.01.jpeg\" alt=\"\" width=\"1600\" height=\"1200\" srcset=\"https:\/\/agora.xtec.cat\/esc-lasiniamolins\/wp-content\/uploads\/usu2018\/2024\/04\/WhatsApp-Image-2024-04-19-at-20.58.01.jpeg 1600w, https:\/\/agora.xtec.cat\/esc-lasiniamolins\/wp-content\/uploads\/usu2018\/2024\/04\/WhatsApp-Image-2024-04-19-at-20.58.01-300x225.jpeg 300w, https:\/\/agora.xtec.cat\/esc-lasiniamolins\/wp-content\/uploads\/usu2018\/2024\/04\/WhatsApp-Image-2024-04-19-at-20.58.01-1024x768.jpeg 1024w, https:\/\/agora.xtec.cat\/esc-lasiniamolins\/wp-content\/uploads\/usu2018\/2024\/04\/WhatsApp-Image-2024-04-19-at-20.58.01-768x576.jpeg 768w, https:\/\/agora.xtec.cat\/esc-lasiniamolins\/wp-content\/uploads\/usu2018\/2024\/04\/WhatsApp-Image-2024-04-19-at-20.58.01-1536x1152.jpeg 1536w, https:\/\/agora.xtec.cat\/esc-lasiniamolins\/wp-content\/uploads\/usu2018\/2024\/04\/WhatsApp-Image-2024-04-19-at-20.58.01-200x150.jpeg 200w\" sizes=\"auto, (max-width: 1600px) 100vw, 1600px\" \/><\/p>\n<p><span style=\"font-weight: 400\">El projecte \u201cEls Compositors entren a l\u2019aula\u201d, organitzat per L\u2019Auditori i l\u2019Institut de Ci\u00e8ncies de l\u2019Educaci\u00f3 de la Universitat Aut\u00f2noma de Barcelona ha perm\u00e8s que els infants de 3r ens haguem pogut apropar a la m\u00fasica contempor\u00e0nia a trav\u00e9s de l\u2019audici\u00f3 i la creaci\u00f3 musical col\u00b7lectiva.<\/span><\/p>\n<p><span style=\"font-weight: 400\">Hem treballat partint de la pe\u00e7a Ambients (Agust\u00ed Charles), n\u2019hem fet una an\u00e0lisi musical (mitjan\u00e7ant l\u2019escolta i el moviment corporal) i hem explorat les sonoritats de diferents instruments. A partir de tot aix\u00f2, hem creat una pe\u00e7a per grups. Un punt clau del proc\u00e9s ha estat la visita del compositor que ens ha ajudat a estructurar les nostres peces: \u201cAig\u00fces\u201d i \u201cL\u2019evoluci\u00f3\u201d.<\/span><\/p>\n<p><span style=\"font-weight: 400\">Despr\u00e9s de molta pr\u00e0ctica i assajos, hem pogut compartir el resultat amb les fam\u00edlies a l\u2019assaig general. I, finalment, ha arribat el dia del concert, a L\u2019Auditori, davant d\u2019altres infants que tamb\u00e9 han participat en el projecte. <\/span><\/p>\n<p>En aquesta <a href=\"https:\/\/photos.app.goo.gl\/R7C2gb4XZnZEUX1ZA\">carpeta<\/a> podreu veure algunes imatges del proc\u00e9s de creaci\u00f3 per grups, de la visita de l&#8217;Agust\u00ed Charles i del concert.<\/p>\n","protected":false},"excerpt":{"rendered":"<p>El projecte \u201cEls Compositors entren a l\u2019aula\u201d, organitzat per L\u2019Auditori i l\u2019Institut de Ci\u00e8ncies de l\u2019Educaci\u00f3 de la Universitat Aut\u00f2noma de Barcelona ha perm\u00e8s que els infants de 3r ens haguem pogut apropar a la m\u00fasica contempor\u00e0nia a trav\u00e9s de l\u2019audici\u00f3 i la creaci\u00f3 musical&hellip;  <a href=\"https:\/\/agora.xtec.cat\/esc-lasiniamolins\/portada\/3r-projecte-els-compositors-entren-a-laula\/\" title=\"Read 3r Projecte &#8220;Els compositors entren a l&#8217;aula&#8221;\">Llegeix m\u00e9s\u00bb<\/a><\/p>\n","protected":false},"author":8,"featured_media":0,"comment_status":"open","ping_status":"closed","sticky":false,"template":"","format":"standard","meta":{"_bbp_topic_count":0,"_bbp_reply_count":0,"_bbp_total_topic_count":0,"_bbp_total_reply_count":0,"_bbp_voice_count":0,"_bbp_anonymous_reply_count":0,"_bbp_topic_count_hidden":0,"_bbp_reply_count_hidden":0,"_bbp_forum_subforum_count":0,"footnotes":""},"categories":[12,208,4],"tags":[64,465,358,464,463,91],"class_list":["post-3289","post","type-post","status-publish","format-standard","hentry","category-3r","category-mitjans","category-portada","tag-3r","tag-audicio","tag-auditori","tag-compositors","tag-musica-contemporania","tag-projecte"],"post_mailing_queue_ids":[],"_links":{"self":[{"href":"https:\/\/agora.xtec.cat\/esc-lasiniamolins\/wp-json\/wp\/v2\/posts\/3289","targetHints":{"allow":["GET"]}}],"collection":[{"href":"https:\/\/agora.xtec.cat\/esc-lasiniamolins\/wp-json\/wp\/v2\/posts"}],"about":[{"href":"https:\/\/agora.xtec.cat\/esc-lasiniamolins\/wp-json\/wp\/v2\/types\/post"}],"author":[{"embeddable":true,"href":"https:\/\/agora.xtec.cat\/esc-lasiniamolins\/wp-json\/wp\/v2\/users\/8"}],"replies":[{"embeddable":true,"href":"https:\/\/agora.xtec.cat\/esc-lasiniamolins\/wp-json\/wp\/v2\/comments?post=3289"}],"version-history":[{"count":3,"href":"https:\/\/agora.xtec.cat\/esc-lasiniamolins\/wp-json\/wp\/v2\/posts\/3289\/revisions"}],"predecessor-version":[{"id":3295,"href":"https:\/\/agora.xtec.cat\/esc-lasiniamolins\/wp-json\/wp\/v2\/posts\/3289\/revisions\/3295"}],"wp:attachment":[{"href":"https:\/\/agora.xtec.cat\/esc-lasiniamolins\/wp-json\/wp\/v2\/media?parent=3289"}],"wp:term":[{"taxonomy":"category","embeddable":true,"href":"https:\/\/agora.xtec.cat\/esc-lasiniamolins\/wp-json\/wp\/v2\/categories?post=3289"},{"taxonomy":"post_tag","embeddable":true,"href":"https:\/\/agora.xtec.cat\/esc-lasiniamolins\/wp-json\/wp\/v2\/tags?post=3289"}],"curies":[{"name":"wp","href":"https:\/\/api.w.org\/{rel}","templated":true}]}}