{"id":3263,"date":"2024-03-22T16:35:09","date_gmt":"2024-03-22T15:35:09","guid":{"rendered":"https:\/\/agora.xtec.cat\/esc-lasiniamolins\/?p=3263"},"modified":"2024-04-12T20:29:01","modified_gmt":"2024-04-12T18:29:01","slug":"gimcana-grans","status":"publish","type":"post","link":"https:\/\/agora.xtec.cat\/esc-lasiniamolins\/general\/gimcana-grans\/","title":{"rendered":"Gimcana grans!"},"content":{"rendered":"<p>Els nens i nenes de 5\u00e8 i 6\u00e8, per tancar el segon trimestre, vam anar a fer una gimcana a Barcelona. Aquest any ens hem passejat pel barri G\u00f2tic tot intentant esbrinar les preguntes i proves que ens anaven plantejant.<\/p>\n<div>Al mat\u00ed ens vam agrupar ja per colors i vam agafar el tren direcci\u00f3 Barcelona. Un cop all\u00e0, vam esmorzar a les escales de la Catedral mentre els mestres i monitors\/es van explicar-nos en qu\u00e8 consistia la gimcana i quins eren els objectius. Tots i totes vam aconseguir arribar al final i resoldre totes les <a href=\"https:\/\/photos.app.goo.gl\/xxbiC5eT4L9brUwG9\">preguntes i proves<\/a>!<\/div>\n<div><\/div>\n<div>Per acabar el dia, vam anar a dinar al Parc de la Ciutadella d&#8217;on vam gaudir d&#8217;una estona de joc conjunt.<\/div>\n<div><\/div>\n<div><\/div>\n<div><\/div>\n<div><\/div>\n","protected":false},"excerpt":{"rendered":"<p>Els nens i nenes de 5\u00e8 i 6\u00e8, per tancar el segon trimestre, vam anar a fer una gimcana a Barcelona. Aquest any ens hem passejat pel barri G\u00f2tic tot intentant esbrinar les preguntes i proves que ens anaven plantejant.<br \/>\nAl mat\u00ed ens vam agrupar ja&hellip;  <a href=\"https:\/\/agora.xtec.cat\/esc-lasiniamolins\/general\/gimcana-grans\/\" title=\"Read Gimcana grans!\">Llegeix m\u00e9s\u00bb<\/a><\/p>\n","protected":false},"author":1,"featured_media":0,"comment_status":"open","ping_status":"closed","sticky":false,"template":"","format":"standard","meta":{"_bbp_topic_count":0,"_bbp_reply_count":0,"_bbp_total_topic_count":0,"_bbp_total_reply_count":0,"_bbp_voice_count":0,"_bbp_anonymous_reply_count":0,"_bbp_topic_count_hidden":0,"_bbp_reply_count_hidden":0,"_bbp_forum_subforum_count":0,"footnotes":""},"categories":[14,15,209,4,1],"tags":[458,73,454,459,449,383,71,439],"class_list":["post-3263","post","type-post","status-publish","format-standard","hentry","category-5e","category-6e","category-grans","category-portada","category-general","tag-5e-6e","tag-cinque","tag-curs-23-34","tag-experiencies","tag-gimcana","tag-moments","tag-sise","tag-sortida-final-de-trimestre"],"post_mailing_queue_ids":[],"_links":{"self":[{"href":"https:\/\/agora.xtec.cat\/esc-lasiniamolins\/wp-json\/wp\/v2\/posts\/3263","targetHints":{"allow":["GET"]}}],"collection":[{"href":"https:\/\/agora.xtec.cat\/esc-lasiniamolins\/wp-json\/wp\/v2\/posts"}],"about":[{"href":"https:\/\/agora.xtec.cat\/esc-lasiniamolins\/wp-json\/wp\/v2\/types\/post"}],"author":[{"embeddable":true,"href":"https:\/\/agora.xtec.cat\/esc-lasiniamolins\/wp-json\/wp\/v2\/users\/1"}],"replies":[{"embeddable":true,"href":"https:\/\/agora.xtec.cat\/esc-lasiniamolins\/wp-json\/wp\/v2\/comments?post=3263"}],"version-history":[{"count":1,"href":"https:\/\/agora.xtec.cat\/esc-lasiniamolins\/wp-json\/wp\/v2\/posts\/3263\/revisions"}],"predecessor-version":[{"id":3264,"href":"https:\/\/agora.xtec.cat\/esc-lasiniamolins\/wp-json\/wp\/v2\/posts\/3263\/revisions\/3264"}],"wp:attachment":[{"href":"https:\/\/agora.xtec.cat\/esc-lasiniamolins\/wp-json\/wp\/v2\/media?parent=3263"}],"wp:term":[{"taxonomy":"category","embeddable":true,"href":"https:\/\/agora.xtec.cat\/esc-lasiniamolins\/wp-json\/wp\/v2\/categories?post=3263"},{"taxonomy":"post_tag","embeddable":true,"href":"https:\/\/agora.xtec.cat\/esc-lasiniamolins\/wp-json\/wp\/v2\/tags?post=3263"}],"curies":[{"name":"wp","href":"https:\/\/api.w.org\/{rel}","templated":true}]}}