{"id":3217,"date":"2024-01-22T23:23:54","date_gmt":"2024-01-22T22:23:54","guid":{"rendered":"https:\/\/agora.xtec.cat\/esc-lasiniamolins\/?p=3217"},"modified":"2024-04-08T13:10:07","modified_gmt":"2024-04-08T11:10:07","slug":"23-24-p5-liles-projecte-la-perruqueria","status":"publish","type":"post","link":"https:\/\/agora.xtec.cat\/esc-lasiniamolins\/portada\/23-24-p5-liles-projecte-la-perruqueria\/","title":{"rendered":"23-24 P5 LILES PROJECTE: LA PERRUQUERIA"},"content":{"rendered":"<p><span style=\"font-weight: 400;\">PROC\u00c9S DE TREBALL:<\/span><\/p>\n<p><span style=\"font-weight: 400;\">La tornada de les vacances d\u2019hivern \u00e9s un dia molt especial pels infants, ja que porten a l\u2019escola alguna joguina que els han regalat durant aquells dies. Llavors fem una sessi\u00f3 on comparteixen amb els altres el que han dut a l\u2019escola.\u00a0<\/span><\/p>\n<p><span style=\"font-weight: 400;\">Durant el tancament de la sessi\u00f3 els vaig preguntar on podia anar jo a comprar algunes de les joguines que havien portat a l\u2019aula i em van recomanar diferents llocs i botigues per poder comprar-les.<\/span><\/p>\n<p><span style=\"font-weight: 400;\">Llavors els vaig preguntar si els agradaria fer a l\u2019aula una botiga amb les joguines que havien dut i la resposta va ser un rotund S\u00cd.\u00a0<\/span><\/p>\n<p><span style=\"font-weight: 400;\">Dit i fet, els infants van fer cartellets amb els preus de les joguines, van sorgir els rols de botiguers i botigueres per cobrar els diners, i una vegada repartits els diners a cada infant va comen\u00e7ar una sessi\u00f3 on cada infant podia gastar els 5 euros que tenia per comprar la joguina que volgu\u00e9s.\u00a0<\/span><\/p>\n<p><span style=\"font-weight: 400;\">Una vegada havia jugat podia tornar-la a la botiga i li retornaven els diners.\u00a0<\/span><\/p>\n<p><span style=\"font-weight: 400;\">L\u2019activitat va agradar tant que la fam fer extensible a les dues aules de P5.<\/span><\/p>\n<p><span style=\"font-weight: 400;\">Aquestes activitats pr\u00e8vies van despertar l\u2019inter\u00e8s dels infants per les botigues, els diners, els canvis de monedes i els rols entre d\u2019altres. Aix\u00ed que quan vaig preguntar si volien fer la nostra pr\u00f2pia botiga tothom va dir que s\u00ed.\u00a0<\/span><\/p>\n<p><span style=\"font-weight: 400;\">En rotllana vam elaborar un llistat amb les diferents botigues que coneixia cadasc\u00fa. Amb aquest llistat ens vam agrupar per parelles i fer un dibuix de la botiga que els vam assignar, aix\u00ed com un llistat de les coses que vendrien en aquesta botiga.<\/span><\/p>\n<p><span style=\"font-weight: 400;\">Aquestes van ser les botigues:<\/span><\/p>\n<p><span style=\"font-weight: 400;\">Roba, joguines, maquillatge, massatges, perruqueria, joies, plantes, restaurants, supermercats, cafeteria, fotos, sabateria.<\/span><\/p>\n<p><span style=\"font-weight: 400;\">A la pissarra vam escriure els noms de les botigues i vam fer una primera votaci\u00f3 on cada infant podia escollir les dues que m\u00e9s li agradessin.\u00a0<\/span><\/p>\n<p><span style=\"font-weight: 400;\">Posteriorment amb les tres amb m\u00e9s vots fem una segona ronda, per\u00f2 aquesta vegada nom\u00e9s podem votar-ne una. Surt escollida la perruqueria.<\/span><\/p>\n<p><span style=\"font-weight: 400;\">Parlem sobre el fet que hi ha botigues de b\u00e9ns i d\u2019altres de serveis, com la perruqueria.\u00a0<\/span><\/p>\n<p><span style=\"font-weight: 400;\">Ens tornem a reunir per parelles i cadascuna elabora conjuntament un cartell per a la nostra perruqueria. Posteriorment, fem un proc\u00e9s de votaci\u00f3 i surt escollit el nom de: Perruqueria Liles.\u00a0<\/span><\/p>\n<p><span style=\"font-weight: 400;\">Alg\u00fa diu que podem fer la perruqueria a la classe i convidar a les fam\u00edlies, i a tothom agrada molt aquesta proposta.\u00a0<\/span><\/p>\n<p><span style=\"font-weight: 400;\">Parlem de les diferents tasques que es fan a una perruqueria i decidim incorporar d\u2019altres, aquest \u00e9s el llistat que fem:<\/span><\/p>\n<p><span style=\"font-weight: 400;\">Pintar ungles, trenes, pentinats, tallar cabell, maquillatge, massatge, pintar cabell, botiguers\/es i atendre persones.\u00a0<\/span><\/p>\n<p><span style=\"font-weight: 400;\">Elaborem un llistat amb les tasques i fent servir la base deu dividim els infants per les tasques que farem, i descobrim quants infants poden anar a cada tasca. Cadasc\u00fa s\u2019apunta a la tasca que voldr\u00e0 fer a la perruqueria, i ja tenim els grups de treball.\u00a0<\/span><\/p>\n<p><span style=\"font-weight: 400;\">Ara ens posem a treballar en petits grups, on cada un escriu en un paper la tasca que far\u00e0, els estris que necessitar\u00e0, el material que caldr\u00e0 per construir aquests estris aix\u00ed com un dibuix d\u2019aquests.\u00a0<\/span><\/p>\n<p><span style=\"font-weight: 400;\">Una vegada fet aix\u00f2 anem omplint la botiga que tenim dibuixada a la classe amb les coses que farem servir el dia que vinguin les fam\u00edlies.\u00a0<\/span><\/p>\n<p><span style=\"font-weight: 400;\">Cada grup i cada infant elabora i construeix els estris que far\u00e0 servir per fer la seva feina. Fem el cartell que posarem a la porta, les prestatgeries amb els estris que hi ha a les perruqueries, fem pintes, assecadors i tisores per decorar l\u2019entrada.\u00a0<\/span><\/p>\n<p><span style=\"font-weight: 400;\">Despr\u00e9s de repassar les coses que tenim ens adonem que ens falten algunes com els models de pentinats, tallades de cabells i de maquillatge perqu\u00e8 les fam\u00edlies puguin escollir quins els agraden i volen, els cartells on digui el que fem, i aix\u00ed les fam\u00edlies poder saber qu\u00e8 es fa a cada lloc, i decidir quin preu tindr\u00e0 cada cosa que fem en funci\u00f3 de l\u2019esfor\u00e7 que han de fer a cada tasca.\u00a0<\/span><\/p>\n<p><span style=\"font-weight: 400;\">Paral\u00b7lelament a aquesta feina, els grups de treball van practicant a fer les seves tasques com fer trenes, fer pentinats i cuetes, fer de botiguers i practicar els canvis de diners o atendre les persones entre d\u2019altres.\u00a0\u00a0<\/span><\/p>\n<p><span style=\"font-weight: 400;\">Ara nom\u00e9s ens queda una cosa a fer, decidir com organitzem la classe amb les diferents tasques per poder fer un assaig general. Aix\u00ed que entre tots i totes apartem mobles, taules i cadires i a poc a poc anem donant forma a la nostra perruqueria.\u00a0<\/span><\/p>\n<p><span style=\"font-weight: 400;\">El dia de la inauguraci\u00f3 de la botiga ja ha arribat i amb molts nervis i emocions preparem tot pel gran moment. La resta ja ho coneixeu.<\/span><\/p>\n<p><span style=\"font-weight: 400;\">L&#8217;endem\u00e0 de la presentaci\u00f3 del nostre projecte ens toca fer l\u2019autoavaluaci\u00f3 de tot el proc\u00e9s, aix\u00ed que tornem a ajuntar-nos en els petits grups de treballs, on parlem i reflexionem sobre tot el que hem apr\u00e8s, les coses que hem practicat, les que ens han suposat m\u00e9s esfor\u00e7 i les que ens han agradat aix\u00ed com les que no.\u00a0<\/span><\/p>\n<p><span style=\"font-weight: 400;\">Aquest proc\u00e9s no ha quedat recollit per escrit en l\u2019autoavaluaci\u00f3 dels infants, ja que caldria escriure moltes paraules i frases per a les quals els infants encara no estan preparats en aquests moments.\u00a0<\/span><\/p>\n<p><span style=\"font-weight: 400;\">Per\u00f2 podem resumir les coses que hem apr\u00e8s o practicat en:<\/span><\/p>\n<ul>\n<li style=\"font-weight: 400;\" aria-level=\"1\"><span style=\"font-weight: 400;\">Fer la tasca que hav\u00edem escollit (com fer trenes)\u00a0<\/span><\/li>\n<li style=\"font-weight: 400;\" aria-level=\"1\"><span style=\"font-weight: 400;\">Els diferents tipus de botigues que n&#8217;hi ha, aix\u00ed com les coses que es fan a cadascuna.<\/span><\/li>\n<li style=\"font-weight: 400;\" aria-level=\"1\"><span style=\"font-weight: 400;\">Treballar en petits grups, decidint les coses parlant conjuntament.\u00a0<\/span><\/li>\n<li style=\"font-weight: 400;\" aria-level=\"1\"><span style=\"font-weight: 400;\">Esfor\u00e7ar-nos per fer una bona feina.\u00a0<\/span><\/li>\n<li style=\"font-weight: 400;\" aria-level=\"1\"><span style=\"font-weight: 400;\">Escriure (molt)<\/span><\/li>\n<li style=\"font-weight: 400;\" aria-level=\"1\"><span style=\"font-weight: 400;\">Practicar comptatge i c\u00e0lcul mental de sumes i resta de diners.<\/span><\/li>\n<li style=\"font-weight: 400;\" aria-level=\"1\"><span style=\"font-weight: 400;\">Dibuixar, pintar, retallar, enganxar.\u00a0<\/span><\/li>\n<li style=\"font-weight: 400;\" aria-level=\"1\"><span style=\"font-weight: 400;\">Fer servir un llenguatge espec\u00edfic a les tasques i el rol que feien.<\/span><\/li>\n<li style=\"font-weight: 400;\" aria-level=\"1\"><span style=\"font-weight: 400;\">Parlar amb els adults afrontant la vergonya.<\/span><\/li>\n<\/ul>\n<p><span style=\"font-weight: 400;\">Esperem que tota aquesta informaci\u00f3 us ajudi a entendre i adonar-vos de totes les petites tasques que hem fet, aix\u00ed com dels aprenentatges que han pogut iniciar, practicar o consolidar durant el proc\u00e9s, per\u00f2 sobretot del gran esfor\u00e7 dels infants per a preparar tot el necessari pel gran dia.\u00a0<\/span><\/p>\n<p><span style=\"font-weight: 400;\">Desitgem que us ho pass\u00e9ssiu tan b\u00e9 com nosaltres mirant les f<a href=\"https:\/\/photos.app.goo.gl\/2KitpFCjALVK79559\">otos.<\/a><\/span><\/p>\n<p><img loading=\"lazy\" decoding=\"async\" class=\"aligncenter size-full wp-image-3219\" src=\"https:\/\/agora.xtec.cat\/esc-lasiniamolins\/wp-content\/uploads\/usu2018\/2024\/04\/PERRUQUERIA.png\" alt=\"\" width=\"508\" height=\"382\" srcset=\"https:\/\/agora.xtec.cat\/esc-lasiniamolins\/wp-content\/uploads\/usu2018\/2024\/04\/PERRUQUERIA.png 508w, https:\/\/agora.xtec.cat\/esc-lasiniamolins\/wp-content\/uploads\/usu2018\/2024\/04\/PERRUQUERIA-300x226.png 300w, https:\/\/agora.xtec.cat\/esc-lasiniamolins\/wp-content\/uploads\/usu2018\/2024\/04\/PERRUQUERIA-200x150.png 200w\" sizes=\"auto, (max-width: 508px) 100vw, 508px\" \/><\/p>\n","protected":false},"excerpt":{"rendered":"<p>PROC\u00c9S DE TREBALL:<br \/>\nLa tornada de les vacances d\u2019hivern \u00e9s un dia molt especial pels infants, ja que porten a l\u2019escola alguna joguina que els han regalat durant aquells dies. Llavors fem una sessi\u00f3 on comparteixen amb els altres el que han dut a l\u2019escola.\u00a0<br \/>\nDurant el&hellip;  <a href=\"https:\/\/agora.xtec.cat\/esc-lasiniamolins\/portada\/23-24-p5-liles-projecte-la-perruqueria\/\" title=\"Read 23-24 P5 LILES PROJECTE: LA PERRUQUERIA\">Llegeix m\u00e9s\u00bb<\/a><\/p>\n","protected":false},"author":1,"featured_media":0,"comment_status":"open","ping_status":"closed","sticky":false,"template":"","format":"standard","meta":{"_bbp_topic_count":0,"_bbp_reply_count":0,"_bbp_total_topic_count":0,"_bbp_total_reply_count":0,"_bbp_voice_count":0,"_bbp_anonymous_reply_count":0,"_bbp_topic_count_hidden":0,"_bbp_reply_count_hidden":0,"_bbp_forum_subforum_count":0,"footnotes":""},"categories":[9,207,4],"tags":[398,399,91],"class_list":["post-3217","post","type-post","status-publish","format-standard","hentry","category-p5","category-petits","category-portada","tag-curs-23-24","tag-p5-vermells-i-liles","tag-projecte"],"post_mailing_queue_ids":[],"_links":{"self":[{"href":"https:\/\/agora.xtec.cat\/esc-lasiniamolins\/wp-json\/wp\/v2\/posts\/3217","targetHints":{"allow":["GET"]}}],"collection":[{"href":"https:\/\/agora.xtec.cat\/esc-lasiniamolins\/wp-json\/wp\/v2\/posts"}],"about":[{"href":"https:\/\/agora.xtec.cat\/esc-lasiniamolins\/wp-json\/wp\/v2\/types\/post"}],"author":[{"embeddable":true,"href":"https:\/\/agora.xtec.cat\/esc-lasiniamolins\/wp-json\/wp\/v2\/users\/1"}],"replies":[{"embeddable":true,"href":"https:\/\/agora.xtec.cat\/esc-lasiniamolins\/wp-json\/wp\/v2\/comments?post=3217"}],"version-history":[{"count":2,"href":"https:\/\/agora.xtec.cat\/esc-lasiniamolins\/wp-json\/wp\/v2\/posts\/3217\/revisions"}],"predecessor-version":[{"id":3220,"href":"https:\/\/agora.xtec.cat\/esc-lasiniamolins\/wp-json\/wp\/v2\/posts\/3217\/revisions\/3220"}],"wp:attachment":[{"href":"https:\/\/agora.xtec.cat\/esc-lasiniamolins\/wp-json\/wp\/v2\/media?parent=3217"}],"wp:term":[{"taxonomy":"category","embeddable":true,"href":"https:\/\/agora.xtec.cat\/esc-lasiniamolins\/wp-json\/wp\/v2\/categories?post=3217"},{"taxonomy":"post_tag","embeddable":true,"href":"https:\/\/agora.xtec.cat\/esc-lasiniamolins\/wp-json\/wp\/v2\/tags?post=3217"}],"curies":[{"name":"wp","href":"https:\/\/api.w.org\/{rel}","templated":true}]}}