{"id":3194,"date":"2024-04-10T16:46:05","date_gmt":"2024-04-10T14:46:05","guid":{"rendered":"https:\/\/agora.xtec.cat\/esc-lasiniamolins\/?p=3194"},"modified":"2024-05-02T10:53:38","modified_gmt":"2024-05-02T08:53:38","slug":"espai-grans-cos-i-moviment","status":"publish","type":"post","link":"https:\/\/agora.xtec.cat\/esc-lasiniamolins\/portada\/espai-grans-cos-i-moviment\/","title":{"rendered":"Espai Grans: COS I MOVIMENT"},"content":{"rendered":"<p><span style=\"font-weight: 400;\">L\u2019espai de COS I MOVIMENT del cicle de Grans pret\u00e9n oferir als infants oportunitats on poder jugar, descobrir, expressar, crear, improvisar, con\u00e8ixer, sentir i comunicar amb el cos. Experimentar sensacions, moviments, formes i velocitats. <\/span><span style=\"font-weight: 400;\">Interactuar amb qui ens envolta i amb l\u2019espai.\u00a0<\/span><\/p>\n<p><span style=\"font-weight: 400;\">Es duen a terme activitats on hi ha pres\u00e8ncia de moviment lliure i es treballen les qualitats i els elements del moviment. Tamb\u00e9, es treballa amb la codificaci\u00f3 dels moviments (dansagrama) i pret\u00e9n ser una aproximaci\u00f3 a la creaci\u00f3 grupal, on els infants poden despertar les seves inquietuds i on poden posar en pr\u00e0ctica les seves habilitats performatives.\u00a0<\/span><\/p>\n<p><a href=\"https:\/\/photos.google.com\/share\/AF1QipOtxYM2dPp--zP81kF32znDZrs_gCIsGoNAJUVBbn-1l1SlVWoFpWM1sUSD4zGaUw\/photo\/AF1QipPOLd7T2FkIQnVJPnMSBNInNuHO_XISfCcsIPtZ?key=RmtuMXpoREdCeXk2SWF0X2pwWFRSU1QxbTdrY0N3\"><img loading=\"lazy\" decoding=\"async\" class=\"aligncenter wp-image-3244\" src=\"https:\/\/agora.xtec.cat\/esc-lasiniamolins\/wp-content\/uploads\/usu2018\/2024\/04\/Captura-300x133.png\" alt=\"\" width=\"325\" height=\"144\" \/><\/a><\/p>\n<p style=\"text-align: center;\"><em>Cliqueu a la imatge per reproduir el v\u00eddeo.<\/em><\/p>\n<p><span style=\"font-weight: 400;\">En aquest <\/span><span style=\"font-weight: 400;\">v\u00eddeo<\/span><span style=\"font-weight: 400;\"> podreu veure un tastet d\u2019activitats que s\u2019han dut a terme al llarg d\u2019algunes sessions de COS I MOVIMENT amb els infants de 4t, 5\u00e8 i 6\u00e8.\u00a0<\/span><\/p>\n<p><span style=\"font-weight: 400;\">A m\u00e9s a m\u00e9s, trobareu altres imatges i v\u00eddeos en aquesta <\/span><a href=\"https:\/\/photos.app.goo.gl\/A8oNyBNg348D8aBB6\"><span style=\"font-weight: 400;\">carpeta.<\/span><\/a><\/p>\n","protected":false},"excerpt":{"rendered":"<p>L\u2019espai de COS I MOVIMENT del cicle de Grans pret\u00e9n oferir als infants oportunitats on poder jugar, descobrir, expressar, crear, improvisar, con\u00e8ixer, sentir i comunicar amb el cos. Experimentar sensacions, moviments, formes i velocitats. Interactuar amb qui ens envolta i amb l\u2019espai.\u00a0<br \/>\nEs duen a terme&hellip;  <a href=\"https:\/\/agora.xtec.cat\/esc-lasiniamolins\/portada\/espai-grans-cos-i-moviment\/\" title=\"Read Espai Grans: COS I MOVIMENT\">Llegeix m\u00e9s\u00bb<\/a><\/p>\n","protected":false},"author":8,"featured_media":0,"comment_status":"open","ping_status":"closed","sticky":false,"template":"","format":"standard","meta":{"_bbp_topic_count":0,"_bbp_reply_count":0,"_bbp_total_topic_count":0,"_bbp_total_reply_count":0,"_bbp_voice_count":0,"_bbp_anonymous_reply_count":0,"_bbp_topic_count_hidden":0,"_bbp_reply_count_hidden":0,"_bbp_forum_subforum_count":0,"footnotes":""},"categories":[15,209,4],"tags":[445,446,226,444,225],"class_list":["post-3194","post","type-post","status-publish","format-standard","hentry","category-6e","category-grans","category-portada","tag-cos","tag-dansagrama","tag-grans","tag-moviment","tag-musica"],"post_mailing_queue_ids":[],"_links":{"self":[{"href":"https:\/\/agora.xtec.cat\/esc-lasiniamolins\/wp-json\/wp\/v2\/posts\/3194","targetHints":{"allow":["GET"]}}],"collection":[{"href":"https:\/\/agora.xtec.cat\/esc-lasiniamolins\/wp-json\/wp\/v2\/posts"}],"about":[{"href":"https:\/\/agora.xtec.cat\/esc-lasiniamolins\/wp-json\/wp\/v2\/types\/post"}],"author":[{"embeddable":true,"href":"https:\/\/agora.xtec.cat\/esc-lasiniamolins\/wp-json\/wp\/v2\/users\/8"}],"replies":[{"embeddable":true,"href":"https:\/\/agora.xtec.cat\/esc-lasiniamolins\/wp-json\/wp\/v2\/comments?post=3194"}],"version-history":[{"count":7,"href":"https:\/\/agora.xtec.cat\/esc-lasiniamolins\/wp-json\/wp\/v2\/posts\/3194\/revisions"}],"predecessor-version":[{"id":3253,"href":"https:\/\/agora.xtec.cat\/esc-lasiniamolins\/wp-json\/wp\/v2\/posts\/3194\/revisions\/3253"}],"wp:attachment":[{"href":"https:\/\/agora.xtec.cat\/esc-lasiniamolins\/wp-json\/wp\/v2\/media?parent=3194"}],"wp:term":[{"taxonomy":"category","embeddable":true,"href":"https:\/\/agora.xtec.cat\/esc-lasiniamolins\/wp-json\/wp\/v2\/categories?post=3194"},{"taxonomy":"post_tag","embeddable":true,"href":"https:\/\/agora.xtec.cat\/esc-lasiniamolins\/wp-json\/wp\/v2\/tags?post=3194"}],"curies":[{"name":"wp","href":"https:\/\/api.w.org\/{rel}","templated":true}]}}