{"id":3152,"date":"2024-03-20T10:48:18","date_gmt":"2024-03-20T09:48:18","guid":{"rendered":"https:\/\/agora.xtec.cat\/esc-lasiniamolins\/?p=3152"},"modified":"2024-03-20T10:48:18","modified_gmt":"2024-03-20T09:48:18","slug":"a-2n-comencem-el-projecte-de-les-maquines","status":"publish","type":"post","link":"https:\/\/agora.xtec.cat\/esc-lasiniamolins\/portada\/a-2n-comencem-el-projecte-de-les-maquines\/","title":{"rendered":"A 2n comencem el projecte de les m\u00e0quines."},"content":{"rendered":"<p>Ja fa 3 cursos, els infants que ara fan 5\u00e8 van crear unes m\u00e0quines pel pati. Amb el temps s&#8217;han anat deteriorant i han perdut peces. Ara, aquells infants han vingut a la classe de 2n per demanar-nos que les arreglem i si podem, les millorem.<\/p>\n<p>Hem comen\u00e7at a observar el nostre voltant, hem descobert eines, m\u00e0quines simples i m\u00e0quines m\u00e9s complexes. Hem fet una sortida per veure les m\u00e0quines que estan presents als nostres parcs, ha vingut l&#8217;Agust\u00ed per explicar-nos com fabrica m\u00e0quines i ara ja estem preparats per arreglar les del nostre pati.<\/p>\n<figure class=\"figure wp-caption aligncenter\"><a href=\"https:\/\/photos.app.goo.gl\/VnmiySpKx8rR1ZWU6\"><img loading=\"lazy\" decoding=\"async\" class=\"size-large\" src=\"https:\/\/lh3.googleusercontent.com\/pw\/AP1GczPKluVb82aYtoLyBxGc558rGZRkjt3i8jhuAQvCplGJCMojR6l1throAj-AM9pgmJx0IZJ9ZKehVcja4qu-DOv-WT4t-CCrdNs4jCcyDflPuZTdI3fTebLLXOhWz5Jkluw-3g4b80fjS7PN4iuZcseWzlZMhHnYeRybLjqC2kZVpF8Ej6JgwyDArWoYpau6yjNlGSvjoXi8F44Ts0PiN80R14IjQ8CdEFn8Y_VgDBNa6dkdIoavbClWGnem8CEwEDmx8YziUbXDAKudKQou3k27fvV9VvkeVu20d-0MpddZGaJQ78mNELjnDk_F43Y39lQ7e9tkI-jYLEuDnzpAnqRTu8BsdHj83fLqF5OclTNQrTvYt73iAPaY2xu_py_aClErdvvt4lJiBi4VpzbX6FHw8dx4jsaElxdNnZKynM23LQ3NXgjz9o9ek7NnpbXh1DfXqOTGK5A36c7hnovVVFtJ7CvL6RnhcYWcjFaODx2XHqg8MEtKo7_c1ugah52pZz75jOiwJLVWF8kanhwrVZdPOq404hLTDqyHPQAUle3B8NrOd_-fvosryQP2cwXhGzO7ITrQtVNwWlew0PnLRfoRtNETGmq1BOUuExTZDn7HThknOfM2K_l1pYHAWG4U8LV267rPtYUzpmh43gWRWaflFXHmjzrLMwRkw5jqYt_AiSZrIYTicr11d3odgJm5lDX3MQq9SE2t3cqt1eUHRTrxztlRCg_OInk1cPxVtoCDwd2b7pwVVIrvoWTLrz73NjYtj_r22-WTeVrVMEoQGdh-yES_bP2GtEe7OoZNbgvsLDjN3niUHR2cinWJrR6LD9IFqvxLe3HmigrrWC8Uhzkm35OJmp5M09v4LStiml0cI8yeUDC9oAANf3R0iU_KfkMlTy_s0j3hfjgBpfe5HlRw=w1031-h773-s-no-gm?authuser=0\" width=\"1031\" height=\"773\" \/><\/a><figcaption class=\"wp-caption-text\">Per veure les imatges, feu clic sobre la foto<\/figcaption><\/figure>\n<p>&nbsp;<\/p>\n","protected":false},"excerpt":{"rendered":"<p>Ja fa 3 cursos, els infants que ara fan 5\u00e8 van crear unes m\u00e0quines pel pati. Amb el temps s&#8217;han anat deteriorant i han perdut peces. Ara, aquells infants han vingut a la classe de 2n per demanar-nos que les arreglem i si podem, les&hellip;  <a href=\"https:\/\/agora.xtec.cat\/esc-lasiniamolins\/portada\/a-2n-comencem-el-projecte-de-les-maquines\/\" title=\"Read A 2n comencem el projecte de les m\u00e0quines.\">Llegeix m\u00e9s\u00bb<\/a><\/p>\n","protected":false},"author":1,"featured_media":0,"comment_status":"open","ping_status":"closed","sticky":false,"template":"","format":"standard","meta":{"_bbp_topic_count":0,"_bbp_reply_count":0,"_bbp_total_topic_count":0,"_bbp_total_reply_count":0,"_bbp_voice_count":0,"_bbp_anonymous_reply_count":0,"_bbp_topic_count_hidden":0,"_bbp_reply_count_hidden":0,"_bbp_forum_subforum_count":0,"footnotes":""},"categories":[11,208,4],"tags":[92,398,438,80,397],"class_list":["post-3152","post","type-post","status-publish","format-standard","hentry","category-2n","category-mitjans","category-portada","tag-2n","tag-curs-23-24","tag-maquines","tag-projectes","tag-segon"],"post_mailing_queue_ids":[],"_links":{"self":[{"href":"https:\/\/agora.xtec.cat\/esc-lasiniamolins\/wp-json\/wp\/v2\/posts\/3152","targetHints":{"allow":["GET"]}}],"collection":[{"href":"https:\/\/agora.xtec.cat\/esc-lasiniamolins\/wp-json\/wp\/v2\/posts"}],"about":[{"href":"https:\/\/agora.xtec.cat\/esc-lasiniamolins\/wp-json\/wp\/v2\/types\/post"}],"author":[{"embeddable":true,"href":"https:\/\/agora.xtec.cat\/esc-lasiniamolins\/wp-json\/wp\/v2\/users\/1"}],"replies":[{"embeddable":true,"href":"https:\/\/agora.xtec.cat\/esc-lasiniamolins\/wp-json\/wp\/v2\/comments?post=3152"}],"version-history":[{"count":1,"href":"https:\/\/agora.xtec.cat\/esc-lasiniamolins\/wp-json\/wp\/v2\/posts\/3152\/revisions"}],"predecessor-version":[{"id":3153,"href":"https:\/\/agora.xtec.cat\/esc-lasiniamolins\/wp-json\/wp\/v2\/posts\/3152\/revisions\/3153"}],"wp:attachment":[{"href":"https:\/\/agora.xtec.cat\/esc-lasiniamolins\/wp-json\/wp\/v2\/media?parent=3152"}],"wp:term":[{"taxonomy":"category","embeddable":true,"href":"https:\/\/agora.xtec.cat\/esc-lasiniamolins\/wp-json\/wp\/v2\/categories?post=3152"},{"taxonomy":"post_tag","embeddable":true,"href":"https:\/\/agora.xtec.cat\/esc-lasiniamolins\/wp-json\/wp\/v2\/tags?post=3152"}],"curies":[{"name":"wp","href":"https:\/\/api.w.org\/{rel}","templated":true}]}}