{"id":3082,"date":"2024-02-23T11:30:19","date_gmt":"2024-02-23T10:30:19","guid":{"rendered":"https:\/\/agora.xtec.cat\/esc-lasiniamolins\/?p=3082"},"modified":"2024-02-23T11:30:19","modified_gmt":"2024-02-23T10:30:19","slug":"carnaval-a-la-sinia-23-24","status":"publish","type":"post","link":"https:\/\/agora.xtec.cat\/esc-lasiniamolins\/general\/carnaval-a-la-sinia-23-24\/","title":{"rendered":"CARNAVAL A LA S\u00cdNIA 23-24"},"content":{"rendered":"<p>Fa uns dies, l&#8217;escola es va convertir en una festa de colors, diversi\u00f3 i somriures, tot gr\u00e0cies al nostre rei carnestoltes que ens ha manat diferents consignes molt divertides!<\/p>\n<p style=\"text-align: center;\"><a href=\"https:\/\/photos.app.goo.gl\/3X4yfhdn97DWrHUA6\"><strong><em>Fotos consignes<\/em><\/strong><\/a><\/p>\n<p><a href=\"https:\/\/photos.app.goo.gl\/3X4yfhdn97DWrHUA6\"><img loading=\"lazy\" decoding=\"async\" class=\"aligncenter\" src=\"https:\/\/lh3.googleusercontent.com\/pw\/ABLVV86phnhdvEZDfbYU-AlXeZ2vGnvclLNDXh28vyw5IvtaakfOnQZck0wbuai9M5JGMotSBnN24jhZ6zoB7o9xGusN9pGX3ybJx7eSAKp4ZAr1krmuQqpTMecZRuDfGyggeoY1pRz8m8S35JHxo66h7XMSdg=w411-h890-s-no-gm?authuser=0\" width=\"118\" height=\"255\" \/><\/a><\/p>\n<p>Des de P3 fins a 6\u00e8 es van crear diferents comparses. Les aules es van omplir amb la barreja d&#8217;infants de totes les edats, donant lloc a una experi\u00e8ncia \u00fanica d&#8217;interacci\u00f3, col\u00b7laboraci\u00f3 i amistat entre els petits, els mitjans i els grans de l&#8217;escola. La confecci\u00f3 de disfresses ha estat tot un espectacle de creativitat desbordant amb colors brillants i diferents estils i material, intentant respectar al m\u00e0xim del possible el medi ambient.<\/p>\n<p style=\"text-align: center;\"><a href=\"https:\/\/photos.app.goo.gl\/go6VuD7tyWPs43p59\"><strong><em>Fotos comparses<\/em><\/strong><\/a><\/p>\n<p style=\"text-align: center;\"><a href=\"https:\/\/photos.app.goo.gl\/go6VuD7tyWPs43p59\"><img loading=\"lazy\" decoding=\"async\" class=\"alignnone size-large\" src=\"https:\/\/lh3.googleusercontent.com\/pw\/ABLVV84gxCYN3YpFrIScambhOL_1Cp8zvoMBKnCbbedb9LNqQcnF_FdupidsKo93ty4ibwZEEWOyI6EGtk0aPQrOF32Y2gUp5a_MIJujheqgqlnhHpmXcuSJcat8bAkgdwkAq1LYPc0hN4GkYO6cisCXUZzt=w1187-h890-s-no-gm?authuser=0\" width=\"1187\" height=\"890\" \/><\/a><\/p>\n<p>Aix\u00ed que divendres vam poder sortir a rec\u00f3rrer els carrers del voltant de l&#8217;escola, celebrant una rua plena de rialles i diversi\u00f3. Que el carnaval continu\u00ef portant aquesta alegria contagiosa i que l&#8217;esperit del carnestoltes continu\u00ef inspirant-nos a tots i a totes en les nostres futures aventures a l&#8217;escola.<\/p>\n<p><a href=\"https:\/\/photos.app.goo.gl\/UNn4eJjnVLgQvPCu8\"><strong><em>Fotos rua<\/em><\/strong><\/a><\/p>\n<p><a href=\"https:\/\/photos.app.goo.gl\/UNn4eJjnVLgQvPCu8\"><img loading=\"lazy\" decoding=\"async\" class=\"alignnone size-large\" src=\"https:\/\/lh3.googleusercontent.com\/pw\/ABLVV87n3hGq77RihQetBOBKdRw3JLGDUg5NEmKovdf9NbLqKN93soJNvaRnD1EHr8080jV7ydweHm504zIUynrlfw722gpaoW78euqFE3hQXNsd-B4js4UdQHui6dYEJhClLfmw0WcqkkwEkZjm3DLBqOz4xg=w1335-h890-s-no-gm?authuser=0\" width=\"1335\" height=\"890\" \/><\/a><\/p>\n","protected":false},"excerpt":{"rendered":"<p>Fa uns dies, l&#8217;escola es va convertir en una festa de colors, diversi\u00f3 i somriures, tot gr\u00e0cies al nostre rei carnestoltes que ens ha manat diferents consignes molt divertides!<br \/>\n<a href=\"https:\/\/photos.app.goo.gl\/3X4yfhdn97DWrHUA6\">Fotos consignes<\/a><br \/>\n<a href=\"https:\/\/photos.app.goo.gl\/3X4yfhdn97DWrHUA6\"><\/a><br \/>\nDes de P3 fins a 6\u00e8 es van crear diferents comparses. Les aules es&hellip;  <a href=\"https:\/\/agora.xtec.cat\/esc-lasiniamolins\/general\/carnaval-a-la-sinia-23-24\/\" title=\"Read CARNAVAL A LA S\u00cdNIA 23-24\">Llegeix m\u00e9s\u00bb<\/a><\/p>\n","protected":false},"author":1,"featured_media":0,"comment_status":"open","ping_status":"closed","sticky":false,"template":"","format":"standard","meta":{"_bbp_topic_count":0,"_bbp_reply_count":0,"_bbp_total_topic_count":0,"_bbp_total_reply_count":0,"_bbp_voice_count":0,"_bbp_anonymous_reply_count":0,"_bbp_topic_count_hidden":0,"_bbp_reply_count_hidden":0,"_bbp_forum_subforum_count":0,"footnotes":""},"categories":[10,11,12,13,14,15,209,208,3,8,9,207,4,1],"tags":[428,387],"class_list":["post-3082","post","type-post","status-publish","format-standard","hentry","category-1r","category-2n","category-3r","category-4t","category-5e","category-6e","category-grans","category-mitjans","category-p3","category-p4","category-p5","category-petits","category-portada","category-general","tag-canaval","tag-curs-2023-24"],"post_mailing_queue_ids":[],"_links":{"self":[{"href":"https:\/\/agora.xtec.cat\/esc-lasiniamolins\/wp-json\/wp\/v2\/posts\/3082","targetHints":{"allow":["GET"]}}],"collection":[{"href":"https:\/\/agora.xtec.cat\/esc-lasiniamolins\/wp-json\/wp\/v2\/posts"}],"about":[{"href":"https:\/\/agora.xtec.cat\/esc-lasiniamolins\/wp-json\/wp\/v2\/types\/post"}],"author":[{"embeddable":true,"href":"https:\/\/agora.xtec.cat\/esc-lasiniamolins\/wp-json\/wp\/v2\/users\/1"}],"replies":[{"embeddable":true,"href":"https:\/\/agora.xtec.cat\/esc-lasiniamolins\/wp-json\/wp\/v2\/comments?post=3082"}],"version-history":[{"count":4,"href":"https:\/\/agora.xtec.cat\/esc-lasiniamolins\/wp-json\/wp\/v2\/posts\/3082\/revisions"}],"predecessor-version":[{"id":3093,"href":"https:\/\/agora.xtec.cat\/esc-lasiniamolins\/wp-json\/wp\/v2\/posts\/3082\/revisions\/3093"}],"wp:attachment":[{"href":"https:\/\/agora.xtec.cat\/esc-lasiniamolins\/wp-json\/wp\/v2\/media?parent=3082"}],"wp:term":[{"taxonomy":"category","embeddable":true,"href":"https:\/\/agora.xtec.cat\/esc-lasiniamolins\/wp-json\/wp\/v2\/categories?post=3082"},{"taxonomy":"post_tag","embeddable":true,"href":"https:\/\/agora.xtec.cat\/esc-lasiniamolins\/wp-json\/wp\/v2\/tags?post=3082"}],"curies":[{"name":"wp","href":"https:\/\/api.w.org\/{rel}","templated":true}]}}