{"id":3027,"date":"2023-12-20T12:41:08","date_gmt":"2023-12-20T11:41:08","guid":{"rendered":"https:\/\/agora.xtec.cat\/esc-lasiniamolins\/?p=3027"},"modified":"2023-12-20T12:41:08","modified_gmt":"2023-12-20T11:41:08","slug":"projecte-segle-xx","status":"publish","type":"post","link":"https:\/\/agora.xtec.cat\/esc-lasiniamolins\/portada\/projecte-segle-xx\/","title":{"rendered":"Projecte segle XX"},"content":{"rendered":"<p style=\"text-align: center;\"><b>PROJECTE S. XX<\/b><\/p>\n<p><span style=\"font-weight: 400;\">Per comen\u00e7ar el projecte, va venir una historiadora que es diu Gemma Trib\u00f3 i ens va explicar coses que van passar a Molins al S.XX. Per\u00f2 tamb\u00e9 ens va dir que investigu\u00e9ssim m\u00e9s coses sobre aquella \u00e8poca, i que f\u00e9ssim un curtmetratge on expliqu\u00e9ssim tot el que va passar durant el S.XX.<\/span><\/p>\n<p><span style=\"font-weight: 400;\">Primer, vam analitzar uns programes de festa major. Despr\u00e9s vam posar en com\u00fa tot el que vam investigar, i a partir d\u2019all\u00e0 vam saber m\u00e9s coses sobre el S.XX.<\/span><\/p>\n<p><span style=\"font-weight: 400;\">Un cop ficat en com\u00fa tot aix\u00f2, vam fer una l\u00ednia del temps del 1890 al 2010. <\/span><span style=\"font-weight: 400;\">Vam posar uns paperets grocs que volien dir que eren hip\u00f2tesis i uns paperets verds que volien dir que eren certs.<\/span><\/p>\n<p><span style=\"font-weight: 400;\">Vam anar a un refugi antiaeri (307).\u00a0 All\u00e0 el nostre guia ens va explicar moltes m\u00e9s coses que vam poder afegir a la nostra l\u00ednia del temps. Algunes hip\u00f2tesis es van convertir en fets hist\u00f2rics reals, i d\u2019altres vam veure que no podien ser.\u00a0\u00a0\u00a0\u00a0\u00a0\u00a0\u00a0\u00a0\u00a0\u00a0\u00a0\u00a0\u00a0\u00a0\u00a0\u00a0\u00a0\u00a0<\/span><\/p>\n<p><span style=\"font-weight: 400;\">Hem fet un curtmetratge en grups i a cada grup li va tocat una etapa diferent i vam haver de representar la part social o pol\u00edtica d\u2019aquella \u00e8poca. Vam fer un resum sobre el segle XX i les seves etapes. Finalment, en un paper vam escriure on creiem que va comen\u00e7ar cada etapa i on acabava. Vam fer una l\u00ednia del temps individual per situar cada fet hist\u00f2ric.\u00a0<\/span><\/p>\n<p><span style=\"font-weight: 400;\">Les etapes que hem descobert s\u00f3n: II Rep\u00fablica del 1931-1936.\u00a0<\/span><\/p>\n<ul>\n<li>IIa Rep\u00fablica del 1931 &#8211; 1936<\/li>\n<li><span style=\"font-weight: 400;\">Guerra Civil Espanyola del 1936-1939.<\/span><\/li>\n<li><span style=\"font-weight: 400;\"> Dictadura del 1939-1975.<\/span><\/li>\n<li><span style=\"font-weight: 400;\"> Transici\u00f3 democr\u00e0tica del 1975-1982.<\/span><\/li>\n<li><span style=\"font-weight: 400;\"> Democr\u00e0cia del 1982 &#8211; actualitat.<\/span><\/li>\n<\/ul>\n<p><span style=\"font-weight: 400;\">Finalment, hem presentat els curtmetratges a les fam\u00edlies, i al Carles i a la Laia, en representaci\u00f3 de la Gemma Trib\u00f3.<\/span><\/p>\n<p><span style=\"font-weight: 400;\">Infants de Tur\u00f3 de l\u2019Home i Matagalls. \u00a0 \u00a0 \u00a0 <\/span><\/p>\n","protected":false},"excerpt":{"rendered":"<p>PROJECTE S. XX<br \/>\nPer comen\u00e7ar el projecte, va venir una historiadora que es diu Gemma Trib\u00f3 i ens va explicar coses que van passar a Molins al S.XX. Per\u00f2 tamb\u00e9 ens va dir que investigu\u00e9ssim m\u00e9s coses sobre aquella \u00e8poca, i que f\u00e9ssim un curtmetratge on&hellip;  <a href=\"https:\/\/agora.xtec.cat\/esc-lasiniamolins\/portada\/projecte-segle-xx\/\" title=\"Read Projecte segle XX\">Llegeix m\u00e9s\u00bb<\/a><\/p>\n","protected":false},"author":8,"featured_media":0,"comment_status":"open","ping_status":"closed","sticky":false,"template":"","format":"standard","meta":{"_bbp_topic_count":0,"_bbp_reply_count":0,"_bbp_total_topic_count":0,"_bbp_total_reply_count":0,"_bbp_voice_count":0,"_bbp_anonymous_reply_count":0,"_bbp_topic_count_hidden":0,"_bbp_reply_count_hidden":0,"_bbp_forum_subforum_count":0,"footnotes":""},"categories":[14,209,4],"tags":[72,73,401,91,425],"class_list":["post-3027","post","type-post","status-publish","format-standard","hentry","category-5e","category-grans","category-portada","tag-5e","tag-cinque","tag-curs23-24","tag-projecte","tag-sxx"],"post_mailing_queue_ids":[],"_links":{"self":[{"href":"https:\/\/agora.xtec.cat\/esc-lasiniamolins\/wp-json\/wp\/v2\/posts\/3027","targetHints":{"allow":["GET"]}}],"collection":[{"href":"https:\/\/agora.xtec.cat\/esc-lasiniamolins\/wp-json\/wp\/v2\/posts"}],"about":[{"href":"https:\/\/agora.xtec.cat\/esc-lasiniamolins\/wp-json\/wp\/v2\/types\/post"}],"author":[{"embeddable":true,"href":"https:\/\/agora.xtec.cat\/esc-lasiniamolins\/wp-json\/wp\/v2\/users\/8"}],"replies":[{"embeddable":true,"href":"https:\/\/agora.xtec.cat\/esc-lasiniamolins\/wp-json\/wp\/v2\/comments?post=3027"}],"version-history":[{"count":2,"href":"https:\/\/agora.xtec.cat\/esc-lasiniamolins\/wp-json\/wp\/v2\/posts\/3027\/revisions"}],"predecessor-version":[{"id":3044,"href":"https:\/\/agora.xtec.cat\/esc-lasiniamolins\/wp-json\/wp\/v2\/posts\/3027\/revisions\/3044"}],"wp:attachment":[{"href":"https:\/\/agora.xtec.cat\/esc-lasiniamolins\/wp-json\/wp\/v2\/media?parent=3027"}],"wp:term":[{"taxonomy":"category","embeddable":true,"href":"https:\/\/agora.xtec.cat\/esc-lasiniamolins\/wp-json\/wp\/v2\/categories?post=3027"},{"taxonomy":"post_tag","embeddable":true,"href":"https:\/\/agora.xtec.cat\/esc-lasiniamolins\/wp-json\/wp\/v2\/tags?post=3027"}],"curies":[{"name":"wp","href":"https:\/\/api.w.org\/{rel}","templated":true}]}}