{"id":3003,"date":"2023-12-18T09:04:22","date_gmt":"2023-12-18T08:04:22","guid":{"rendered":"https:\/\/agora.xtec.cat\/esc-lasiniamolins\/?p=3003"},"modified":"2024-01-19T13:04:54","modified_gmt":"2024-01-19T12:04:54","slug":"projecte-4t-la-nostra-muntanya","status":"publish","type":"post","link":"https:\/\/agora.xtec.cat\/esc-lasiniamolins\/general\/projecte-4t-la-nostra-muntanya\/","title":{"rendered":"Projecte 4t: La nostra muntanya"},"content":{"rendered":"<p>Montserrat, amb la seva hist\u00f2ria rica i paisatges impressionants, ha sigut la destinaci\u00f3 per a la nostra aventura, ja que les nostres dues muntanyes (Sant Jeroni i Cavall Bernat), s&#8217;ubiquen all\u00e0.<\/p>\n<p>Els infants han participat activament en activitats a l&#8217;aula per comprendre la import\u00e0ncia del turisme, la geologia, la geografia, les hist\u00f2ries i llegendes i la flora i la fauna de Montserrat.<\/p>\n<p>Ha sigut un projecte que ens ha perm\u00e8s con\u00e8ixer nous aspectes sobre la nostra muntanya i saber per qu\u00e8 la fa tan especial.<\/p>\n<p>Compartim amb vosaltres un seguit de <a href=\"https:\/\/photos.app.goo.gl\/bwfxzhvuWfoPELCf6\">fotografies<\/a> perqu\u00e8 veieu el nostre viatge.<\/p>\n","protected":false},"excerpt":{"rendered":"<p>Montserrat, amb la seva hist\u00f2ria rica i paisatges impressionants, ha sigut la destinaci\u00f3 per a la nostra aventura, ja que les nostres dues muntanyes (Sant Jeroni i Cavall Bernat), s&#8217;ubiquen all\u00e0.<br \/>\nEls infants han participat activament en activitats a l&#8217;aula per comprendre la import\u00e0ncia del turisme,&hellip;  <a href=\"https:\/\/agora.xtec.cat\/esc-lasiniamolins\/general\/projecte-4t-la-nostra-muntanya\/\" title=\"Read Projecte 4t: La nostra muntanya\">Llegeix m\u00e9s\u00bb<\/a><\/p>\n","protected":false},"author":1,"featured_media":0,"comment_status":"open","ping_status":"closed","sticky":false,"template":"","format":"standard","meta":{"_bbp_topic_count":0,"_bbp_reply_count":0,"_bbp_total_topic_count":0,"_bbp_total_reply_count":0,"_bbp_voice_count":0,"_bbp_anonymous_reply_count":0,"_bbp_topic_count_hidden":0,"_bbp_reply_count_hidden":0,"_bbp_forum_subforum_count":0,"footnotes":""},"categories":[13,4,1],"tags":[60,61,398,418,91,250,62],"class_list":["post-3003","post","type-post","status-publish","format-standard","hentry","category-4t","category-portada","category-general","tag-4t","tag-cavall-bernat","tag-curs-23-24","tag-la-nostra-muntanya","tag-projecte","tag-quart","tag-sant-jeroni"],"post_mailing_queue_ids":[],"_links":{"self":[{"href":"https:\/\/agora.xtec.cat\/esc-lasiniamolins\/wp-json\/wp\/v2\/posts\/3003","targetHints":{"allow":["GET"]}}],"collection":[{"href":"https:\/\/agora.xtec.cat\/esc-lasiniamolins\/wp-json\/wp\/v2\/posts"}],"about":[{"href":"https:\/\/agora.xtec.cat\/esc-lasiniamolins\/wp-json\/wp\/v2\/types\/post"}],"author":[{"embeddable":true,"href":"https:\/\/agora.xtec.cat\/esc-lasiniamolins\/wp-json\/wp\/v2\/users\/1"}],"replies":[{"embeddable":true,"href":"https:\/\/agora.xtec.cat\/esc-lasiniamolins\/wp-json\/wp\/v2\/comments?post=3003"}],"version-history":[{"count":2,"href":"https:\/\/agora.xtec.cat\/esc-lasiniamolins\/wp-json\/wp\/v2\/posts\/3003\/revisions"}],"predecessor-version":[{"id":3047,"href":"https:\/\/agora.xtec.cat\/esc-lasiniamolins\/wp-json\/wp\/v2\/posts\/3003\/revisions\/3047"}],"wp:attachment":[{"href":"https:\/\/agora.xtec.cat\/esc-lasiniamolins\/wp-json\/wp\/v2\/media?parent=3003"}],"wp:term":[{"taxonomy":"category","embeddable":true,"href":"https:\/\/agora.xtec.cat\/esc-lasiniamolins\/wp-json\/wp\/v2\/categories?post=3003"},{"taxonomy":"post_tag","embeddable":true,"href":"https:\/\/agora.xtec.cat\/esc-lasiniamolins\/wp-json\/wp\/v2\/tags?post=3003"}],"curies":[{"name":"wp","href":"https:\/\/api.w.org\/{rel}","templated":true}]}}