{"id":2973,"date":"2023-12-20T19:19:55","date_gmt":"2023-12-20T18:19:55","guid":{"rendered":"https:\/\/agora.xtec.cat\/esc-lasiniamolins\/?p=2973"},"modified":"2024-03-21T00:44:00","modified_gmt":"2024-03-20T23:44:00","slug":"23-24-liles-i-vermells-psico","status":"publish","type":"post","link":"https:\/\/agora.xtec.cat\/esc-lasiniamolins\/portada\/23-24-liles-i-vermells-psico\/","title":{"rendered":"23-24 LILES I VERMELLS, PSICO."},"content":{"rendered":"<p>Hola fam\u00edlies,<\/p>\n<p>Com sabeu a la S\u00ednia seguim la pr\u00e0ctica psicomotriu de Bernat Aucouturier, qui defineix el concepte de psicomotricitat com \u201cuna pr\u00e0ctica que ofereix a l\u2019infant la possibilitat de fer un proc\u00e9s de maduraci\u00f3 psicol\u00f2gica i emocional a trav\u00e9s de la via del cos i el moviment en un dispositiu d\u2019espai i temps\u201d.<\/p>\n<p>Aquesta pr\u00e0ctica \u00e9s de car\u00e0cter relacional i vivenciada. La Pr\u00e0ctica Psicomotriu Aucouturier t\u00e9 com a objectiu el desenvolupament ps\u00edquic dels infants a trav\u00e9s del cos a partir d\u2019una concepci\u00f3 global de la persona. Parteix del que l\u2019infant sap fer i pot fer i el psicomotricista, sense una actitud dirigida, interv\u00e9 a partir del que expressa per tal d\u2019afavorir el seu proc\u00e9s maduratiu.<\/p>\n<p>Aquesta persegueix els seg\u00fcents objectius:<\/p>\n<p><strong>Comunicaci\u00f3:<\/strong><\/p>\n<p>La relaci\u00f3 amb l\u2019altre \u00e9s imprescindible per al desenvolupament de l\u2019infant. La Pr\u00e0ctica Psicomotriu Aucouturier busca els canals per facilitar que els infants estiguin disponibles a la relaci\u00f3 amb el m\u00f3n que els envolta.<\/p>\n<p><strong>Desenvolupament de la creativitat:<\/strong><\/p>\n<p>Permetre i afavorir el potencial creatiu i expressiu de l\u2019infant, acceptant el que porta a dins, potenciant la seva autonomia i respectant les difer\u00e8ncies. Crear \u00e9s donar d\u2019un mateix a l\u2019altre. Suposa una elaboraci\u00f3 per a ser reconegut, per a perpetuar-se en el temps i en l\u2019espai.<\/p>\n<p><strong>Capacitat de descentraci\u00f3 i pensament operatiu:<\/strong><\/p>\n<p>\u00c9s la capacitat de distanciar-se de les mateixes emocions i de l\u2019acci\u00f3.\u00a0 La Pr\u00e0ctica Psicomotriu Aucouturier ajuda a fer aquest proc\u00e9s, ja que intenta lligar les emocions a representacions mentals, a simbolitzacions. \u201cCap als 7 anys, l\u2019infant comen\u00e7a a poder transformar amb el seu cap i pot viure processos de transformaci\u00f3 sense la necessitat de moviment. \u00c9s en aquest moment quan l\u2019infant pot construir intel\u00b7lectualment\u201d<\/p>\n<p>Aqu\u00ed us deixem un recull petit recull de fotografies de les sessions.<\/p>\n<p><a href=\"https:\/\/photos.app.goo.gl\/rozK1vMs8EPDBXXj9\"><img loading=\"lazy\" decoding=\"async\" class=\"aligncenter size-full wp-image-2982\" src=\"https:\/\/agora.xtec.cat\/esc-lasiniamolins\/wp-content\/uploads\/usu2018\/2023\/11\/SALA-PSICO.jpg\" alt=\"\" width=\"1163\" height=\"868\" srcset=\"https:\/\/agora.xtec.cat\/esc-lasiniamolins\/wp-content\/uploads\/usu2018\/2023\/11\/SALA-PSICO.jpg 1163w, https:\/\/agora.xtec.cat\/esc-lasiniamolins\/wp-content\/uploads\/usu2018\/2023\/11\/SALA-PSICO-300x224.jpg 300w, https:\/\/agora.xtec.cat\/esc-lasiniamolins\/wp-content\/uploads\/usu2018\/2023\/11\/SALA-PSICO-1024x764.jpg 1024w, https:\/\/agora.xtec.cat\/esc-lasiniamolins\/wp-content\/uploads\/usu2018\/2023\/11\/SALA-PSICO-768x573.jpg 768w, https:\/\/agora.xtec.cat\/esc-lasiniamolins\/wp-content\/uploads\/usu2018\/2023\/11\/SALA-PSICO-200x150.jpg 200w\" sizes=\"auto, (max-width: 1163px) 100vw, 1163px\" \/><\/a><\/p>\n<p>&nbsp;<\/p>\n","protected":false},"excerpt":{"rendered":"<p>Hola fam\u00edlies,<br \/>\nCom sabeu a la S\u00ednia seguim la pr\u00e0ctica psicomotriu de Bernat Aucouturier, qui defineix el concepte de psicomotricitat com \u201cuna pr\u00e0ctica que ofereix a l\u2019infant la possibilitat de fer un proc\u00e9s de maduraci\u00f3 psicol\u00f2gica i emocional a trav\u00e9s de la via del cos i&hellip;  <a href=\"https:\/\/agora.xtec.cat\/esc-lasiniamolins\/portada\/23-24-liles-i-vermells-psico\/\" title=\"Read 23-24 LILES I VERMELLS, PSICO.\">Llegeix m\u00e9s\u00bb<\/a><\/p>\n","protected":false},"author":8,"featured_media":0,"comment_status":"open","ping_status":"closed","sticky":false,"template":"","format":"standard","meta":{"_bbp_topic_count":0,"_bbp_reply_count":0,"_bbp_total_topic_count":0,"_bbp_total_reply_count":0,"_bbp_voice_count":0,"_bbp_anonymous_reply_count":0,"_bbp_topic_count_hidden":0,"_bbp_reply_count_hidden":0,"_bbp_forum_subforum_count":0,"footnotes":""},"categories":[9,207,4],"tags":[387,399,426],"class_list":["post-2973","post","type-post","status-publish","format-standard","hentry","category-p5","category-petits","category-portada","tag-curs-2023-24","tag-p5-vermells-i-liles","tag-psico"],"post_mailing_queue_ids":[],"_links":{"self":[{"href":"https:\/\/agora.xtec.cat\/esc-lasiniamolins\/wp-json\/wp\/v2\/posts\/2973","targetHints":{"allow":["GET"]}}],"collection":[{"href":"https:\/\/agora.xtec.cat\/esc-lasiniamolins\/wp-json\/wp\/v2\/posts"}],"about":[{"href":"https:\/\/agora.xtec.cat\/esc-lasiniamolins\/wp-json\/wp\/v2\/types\/post"}],"author":[{"embeddable":true,"href":"https:\/\/agora.xtec.cat\/esc-lasiniamolins\/wp-json\/wp\/v2\/users\/8"}],"replies":[{"embeddable":true,"href":"https:\/\/agora.xtec.cat\/esc-lasiniamolins\/wp-json\/wp\/v2\/comments?post=2973"}],"version-history":[{"count":2,"href":"https:\/\/agora.xtec.cat\/esc-lasiniamolins\/wp-json\/wp\/v2\/posts\/2973\/revisions"}],"predecessor-version":[{"id":3154,"href":"https:\/\/agora.xtec.cat\/esc-lasiniamolins\/wp-json\/wp\/v2\/posts\/2973\/revisions\/3154"}],"wp:attachment":[{"href":"https:\/\/agora.xtec.cat\/esc-lasiniamolins\/wp-json\/wp\/v2\/media?parent=2973"}],"wp:term":[{"taxonomy":"category","embeddable":true,"href":"https:\/\/agora.xtec.cat\/esc-lasiniamolins\/wp-json\/wp\/v2\/categories?post=2973"},{"taxonomy":"post_tag","embeddable":true,"href":"https:\/\/agora.xtec.cat\/esc-lasiniamolins\/wp-json\/wp\/v2\/tags?post=2973"}],"curies":[{"name":"wp","href":"https:\/\/api.w.org\/{rel}","templated":true}]}}