{"id":2965,"date":"2023-11-28T10:59:05","date_gmt":"2023-11-28T09:59:05","guid":{"rendered":"https:\/\/agora.xtec.cat\/esc-lasiniamolins\/?p=2965"},"modified":"2023-12-01T10:59:41","modified_gmt":"2023-12-01T09:59:41","slug":"parc-de-loreneta-cicle-dels-petits","status":"publish","type":"post","link":"https:\/\/agora.xtec.cat\/esc-lasiniamolins\/general\/petits\/p3\/parc-de-loreneta-cicle-dels-petits\/","title":{"rendered":"Parc de l&#8217;Oreneta Cicle dels Petits"},"content":{"rendered":"<p>Avui els infants del cicle dels Petits han viscut una jornada emocionant al parc de l&#8217;Oreneta.<\/p>\n<p>Malgrat el vent, la connexi\u00f3 amb la natura ha estat palpable, i els nens i nenes han apr\u00e8s a apreciar la bellesa que els envolta. Aix\u00ed que avui, amb el sol brillant i el vent juganer, el parc de l&#8217;Oreneta ha estat l&#8217;escenari perfecte per una aventura plena d&#8217;alegria i descobriments. Han experimentat amb les fulles, les pedres, les pinyes, les branques, tots tresors de la natura que han omplert els seus moments fent cases, pastissos i moltes coses m\u00e9s.<\/p>\n<p>Els jocs del parc han estat l&#8217;\u00e0rea de diversi\u00f3 per excel\u00b7l\u00e8ncia. Entre rialles i somriures, els petits aventurers han saltat, corregut i compartit moments inoblidables. Aquesta jornada ens ha recordat l&#8217;alegria pura que es troba en la simplicitat de la natura i com les petites coses poden fer feli\u00e7os els cors dels infants.<\/p>\n<p><span style=\"color: #00ccff;\"><strong><a style=\"color: #00ccff;\" href=\"https:\/\/photos.app.goo.gl\/i1DoUzh6gFHmnZcD8\">FEU CLIC PER VEURE LES IMATGES<\/a><\/strong><\/span><\/p>\n","protected":false},"excerpt":{"rendered":"<p>Avui els infants del cicle dels Petits han viscut una jornada emocionant al parc de l&#8217;Oreneta.<br \/>\nMalgrat el vent, la connexi\u00f3 amb la natura ha estat palpable, i els nens i nenes han apr\u00e8s a apreciar la bellesa que els envolta. Aix\u00ed que avui, amb el&hellip;  <a href=\"https:\/\/agora.xtec.cat\/esc-lasiniamolins\/general\/petits\/p3\/parc-de-loreneta-cicle-dels-petits\/\" title=\"Read Parc de l&#8217;Oreneta Cicle dels Petits\">Llegeix m\u00e9s\u00bb<\/a><\/p>\n","protected":false},"author":1,"featured_media":0,"comment_status":"open","ping_status":"closed","sticky":false,"template":"","format":"standard","meta":{"_bbp_topic_count":0,"_bbp_reply_count":0,"_bbp_total_topic_count":0,"_bbp_total_reply_count":0,"_bbp_voice_count":0,"_bbp_anonymous_reply_count":0,"_bbp_topic_count_hidden":0,"_bbp_reply_count_hidden":0,"_bbp_forum_subforum_count":0,"footnotes":""},"categories":[3,8,9,207,4],"tags":[398,284,246,76,79,86,324],"class_list":["post-2965","post","type-post","status-publish","format-standard","hentry","category-p3","category-p4","category-p5","category-petits","category-portada","tag-curs-23-24","tag-grocs-i-blaus","tag-liles-i-vermells","tag-p3","tag-p4","tag-p5","tag-taronges-i-verds"],"post_mailing_queue_ids":[],"_links":{"self":[{"href":"https:\/\/agora.xtec.cat\/esc-lasiniamolins\/wp-json\/wp\/v2\/posts\/2965","targetHints":{"allow":["GET"]}}],"collection":[{"href":"https:\/\/agora.xtec.cat\/esc-lasiniamolins\/wp-json\/wp\/v2\/posts"}],"about":[{"href":"https:\/\/agora.xtec.cat\/esc-lasiniamolins\/wp-json\/wp\/v2\/types\/post"}],"author":[{"embeddable":true,"href":"https:\/\/agora.xtec.cat\/esc-lasiniamolins\/wp-json\/wp\/v2\/users\/1"}],"replies":[{"embeddable":true,"href":"https:\/\/agora.xtec.cat\/esc-lasiniamolins\/wp-json\/wp\/v2\/comments?post=2965"}],"version-history":[{"count":1,"href":"https:\/\/agora.xtec.cat\/esc-lasiniamolins\/wp-json\/wp\/v2\/posts\/2965\/revisions"}],"predecessor-version":[{"id":2966,"href":"https:\/\/agora.xtec.cat\/esc-lasiniamolins\/wp-json\/wp\/v2\/posts\/2965\/revisions\/2966"}],"wp:attachment":[{"href":"https:\/\/agora.xtec.cat\/esc-lasiniamolins\/wp-json\/wp\/v2\/media?parent=2965"}],"wp:term":[{"taxonomy":"category","embeddable":true,"href":"https:\/\/agora.xtec.cat\/esc-lasiniamolins\/wp-json\/wp\/v2\/categories?post=2965"},{"taxonomy":"post_tag","embeddable":true,"href":"https:\/\/agora.xtec.cat\/esc-lasiniamolins\/wp-json\/wp\/v2\/tags?post=2965"}],"curies":[{"name":"wp","href":"https:\/\/api.w.org\/{rel}","templated":true}]}}