{"id":2909,"date":"2023-11-08T16:04:40","date_gmt":"2023-11-08T15:04:40","guid":{"rendered":"https:\/\/agora.xtec.cat\/esc-lasiniamolins\/?p=2909"},"modified":"2023-11-08T16:04:40","modified_gmt":"2023-11-08T15:04:40","slug":"our-fire-beasts","status":"publish","type":"post","link":"https:\/\/agora.xtec.cat\/esc-lasiniamolins\/portada\/our-fire-beasts\/","title":{"rendered":"OUR FIRE BEASTS"},"content":{"rendered":"<p style=\"text-align: justify;\">A mitjans de setembre, els infants de Puig les Agulles i la Morella van rebre un v\u00eddeo de la Marta, una noia que viu a Londres que estava molt interessada a saber qu\u00e8 eren les b\u00e8sties de foc. Com que sabia que estaven fent un projecte sobre aquest tema, els va demanar que els envi\u00e9s un v\u00eddeo explicant-li les b\u00e8sties de foc que ells havien creat.<\/p>\n<p style=\"text-align: justify;\">Per poder explicar-li i que ens entengu\u00e9s, han hagut d\u2019aprendre les parts de les b\u00e8sties de foc i l\u2019estructura de la descripci\u00f3 en angl\u00e8s. A continuaci\u00f3, us adjuntem el v\u00eddeo que vam crear perqu\u00e8 el pugueu veure.<\/p>\n<p><iframe loading=\"lazy\" title=\"OUR FIRE BEASTS   LA MORELLA\" width=\"500\" height=\"281\" src=\"https:\/\/www.youtube.com\/embed\/bWBCjJ-psu0?feature=oembed\" frameborder=\"0\" allow=\"accelerometer; autoplay; clipboard-write; encrypted-media; gyroscope; picture-in-picture; web-share\" referrerpolicy=\"strict-origin-when-cross-origin\" allowfullscreen><\/iframe><\/p>\n<p><iframe loading=\"lazy\" title=\"OUR FIRE BEASTS   PUIG LES AGULLES\" width=\"500\" height=\"281\" src=\"https:\/\/www.youtube.com\/embed\/aUXqUolljtM?feature=oembed\" frameborder=\"0\" allow=\"accelerometer; autoplay; clipboard-write; encrypted-media; gyroscope; picture-in-picture; web-share\" referrerpolicy=\"strict-origin-when-cross-origin\" allowfullscreen><\/iframe><\/p>\n","protected":false},"excerpt":{"rendered":"<p>A mitjans de setembre, els infants de Puig les Agulles i la Morella van rebre un v\u00eddeo de la Marta, una noia que viu a Londres que estava molt interessada a saber qu\u00e8 eren les b\u00e8sties de foc. Com que sabia que estaven fent un&hellip;  <a href=\"https:\/\/agora.xtec.cat\/esc-lasiniamolins\/portada\/our-fire-beasts\/\" title=\"Read OUR FIRE BEASTS\">Llegeix m\u00e9s\u00bb<\/a><\/p>\n","protected":false},"author":8,"featured_media":0,"comment_status":"open","ping_status":"closed","sticky":false,"template":"","format":"standard","meta":{"_bbp_topic_count":0,"_bbp_reply_count":0,"_bbp_total_topic_count":0,"_bbp_total_reply_count":0,"_bbp_voice_count":0,"_bbp_anonymous_reply_count":0,"_bbp_topic_count_hidden":0,"_bbp_reply_count_hidden":0,"_bbp_forum_subforum_count":0,"footnotes":""},"categories":[11,208,4],"tags":[92,270,221,95,94],"class_list":["post-2909","post","type-post","status-publish","format-standard","hentry","category-2n","category-mitjans","category-portada","tag-2n","tag-angles","tag-besties-de-foc","tag-la-morella","tag-puig-les-agulles"],"post_mailing_queue_ids":[],"_links":{"self":[{"href":"https:\/\/agora.xtec.cat\/esc-lasiniamolins\/wp-json\/wp\/v2\/posts\/2909","targetHints":{"allow":["GET"]}}],"collection":[{"href":"https:\/\/agora.xtec.cat\/esc-lasiniamolins\/wp-json\/wp\/v2\/posts"}],"about":[{"href":"https:\/\/agora.xtec.cat\/esc-lasiniamolins\/wp-json\/wp\/v2\/types\/post"}],"author":[{"embeddable":true,"href":"https:\/\/agora.xtec.cat\/esc-lasiniamolins\/wp-json\/wp\/v2\/users\/8"}],"replies":[{"embeddable":true,"href":"https:\/\/agora.xtec.cat\/esc-lasiniamolins\/wp-json\/wp\/v2\/comments?post=2909"}],"version-history":[{"count":4,"href":"https:\/\/agora.xtec.cat\/esc-lasiniamolins\/wp-json\/wp\/v2\/posts\/2909\/revisions"}],"predecessor-version":[{"id":2913,"href":"https:\/\/agora.xtec.cat\/esc-lasiniamolins\/wp-json\/wp\/v2\/posts\/2909\/revisions\/2913"}],"wp:attachment":[{"href":"https:\/\/agora.xtec.cat\/esc-lasiniamolins\/wp-json\/wp\/v2\/media?parent=2909"}],"wp:term":[{"taxonomy":"category","embeddable":true,"href":"https:\/\/agora.xtec.cat\/esc-lasiniamolins\/wp-json\/wp\/v2\/categories?post=2909"},{"taxonomy":"post_tag","embeddable":true,"href":"https:\/\/agora.xtec.cat\/esc-lasiniamolins\/wp-json\/wp\/v2\/tags?post=2909"}],"curies":[{"name":"wp","href":"https:\/\/api.w.org\/{rel}","templated":true}]}}