{"id":2907,"date":"2023-11-17T08:50:47","date_gmt":"2023-11-17T07:50:47","guid":{"rendered":"https:\/\/agora.xtec.cat\/esc-lasiniamolins\/?p=2907"},"modified":"2023-11-17T08:50:47","modified_gmt":"2023-11-17T07:50:47","slug":"apadrinament-lector","status":"publish","type":"post","link":"https:\/\/agora.xtec.cat\/esc-lasiniamolins\/general\/apadrinament-lector\/","title":{"rendered":"Apadrinament Lector"},"content":{"rendered":"<p>Els infants de primer estem encantats amb els nostres padrins i padrines de lectura!!! Vam comen\u00e7ar fa un parell de setmanes el projecte de l&#8217;Apadrinament Lector. El primer dia ens van presentar al nostre padr\u00ed o padrina lectora de 6\u00e8. Ens vam repartir pel pati i vam compartir el nostre primer conte o lectura junts. Ara, cada setmana, ens trobarem una estona per compartir moments m\u00e0gics i viatjar en el m\u00f3n dels contes i aix\u00ed fomentar el gust per la lectura gr\u00e0cies als i les alumnes de 6\u00e8. Gr\u00e0cies padrins i padrines!!!<\/p>\n<p><a href=\"https:\/\/photos.app.goo.gl\/YhmRcVwJseWphYV89\"><img loading=\"lazy\" decoding=\"async\" class=\"\" src=\"https:\/\/img.freepik.com\/fotos-premium\/maravilloso-mundo-libros-abiertos-dentro-imaginacion-fantasia-magica-concepto-literatura-ai-generativo_779468-5974.jpg\" alt=\"Maravilloso mundo de libros abiertos dentro de la imaginaci\u00f3n fantas\u00eda m\u00e1gica en el concepto de literatura ai generativo\" width=\"347\" height=\"231\" \/><\/a><\/p>\n","protected":false},"excerpt":{"rendered":"<p>Els infants de primer estem encantats amb els nostres padrins i padrines de lectura!!! Vam comen\u00e7ar fa un parell de setmanes el projecte de l&#8217;Apadrinament Lector. El primer dia ens van presentar al nostre padr\u00ed o padrina lectora de 6\u00e8. Ens vam repartir pel pati&hellip;  <a href=\"https:\/\/agora.xtec.cat\/esc-lasiniamolins\/general\/apadrinament-lector\/\" title=\"Read Apadrinament Lector\">Llegeix m\u00e9s\u00bb<\/a><\/p>\n","protected":false},"author":8,"featured_media":0,"comment_status":"open","ping_status":"closed","sticky":false,"template":"","format":"standard","meta":{"_bbp_topic_count":0,"_bbp_reply_count":0,"_bbp_total_topic_count":0,"_bbp_total_reply_count":0,"_bbp_voice_count":0,"_bbp_anonymous_reply_count":0,"_bbp_topic_count_hidden":0,"_bbp_reply_count_hidden":0,"_bbp_forum_subforum_count":0,"footnotes":""},"categories":[10,15,209,208,4,1],"tags":[102,68,412,411],"class_list":["post-2907","post","type-post","status-publish","format-standard","hentry","category-1r","category-6e","category-grans","category-mitjans","category-portada","category-general","tag-1r","tag-6e","tag-apadrinament-lector","tag-padrins-lectors"],"post_mailing_queue_ids":[],"_links":{"self":[{"href":"https:\/\/agora.xtec.cat\/esc-lasiniamolins\/wp-json\/wp\/v2\/posts\/2907","targetHints":{"allow":["GET"]}}],"collection":[{"href":"https:\/\/agora.xtec.cat\/esc-lasiniamolins\/wp-json\/wp\/v2\/posts"}],"about":[{"href":"https:\/\/agora.xtec.cat\/esc-lasiniamolins\/wp-json\/wp\/v2\/types\/post"}],"author":[{"embeddable":true,"href":"https:\/\/agora.xtec.cat\/esc-lasiniamolins\/wp-json\/wp\/v2\/users\/8"}],"replies":[{"embeddable":true,"href":"https:\/\/agora.xtec.cat\/esc-lasiniamolins\/wp-json\/wp\/v2\/comments?post=2907"}],"version-history":[{"count":2,"href":"https:\/\/agora.xtec.cat\/esc-lasiniamolins\/wp-json\/wp\/v2\/posts\/2907\/revisions"}],"predecessor-version":[{"id":2925,"href":"https:\/\/agora.xtec.cat\/esc-lasiniamolins\/wp-json\/wp\/v2\/posts\/2907\/revisions\/2925"}],"wp:attachment":[{"href":"https:\/\/agora.xtec.cat\/esc-lasiniamolins\/wp-json\/wp\/v2\/media?parent=2907"}],"wp:term":[{"taxonomy":"category","embeddable":true,"href":"https:\/\/agora.xtec.cat\/esc-lasiniamolins\/wp-json\/wp\/v2\/categories?post=2907"},{"taxonomy":"post_tag","embeddable":true,"href":"https:\/\/agora.xtec.cat\/esc-lasiniamolins\/wp-json\/wp\/v2\/tags?post=2907"}],"curies":[{"name":"wp","href":"https:\/\/api.w.org\/{rel}","templated":true}]}}