{"id":2867,"date":"2023-10-08T13:10:52","date_gmt":"2023-10-08T11:10:52","guid":{"rendered":"https:\/\/agora.xtec.cat\/esc-lasiniamolins\/?p=2867"},"modified":"2024-04-08T13:11:45","modified_gmt":"2024-04-08T11:11:45","slug":"projecte-de-gegants-i-capgrossos-a-p4","status":"publish","type":"post","link":"https:\/\/agora.xtec.cat\/esc-lasiniamolins\/portada\/projecte-de-gegants-i-capgrossos-a-p4\/","title":{"rendered":"Projecte de Gegants i Capgrossos a P4!"},"content":{"rendered":"<p style=\"text-align: justify;\"><span style=\"font-weight: 400;\">I<\/span><span style=\"font-weight: 400;\">niciem el curs amb el projecte de Festa Major, un projecte d\u2019escola on tots els infants hi tenim un paper; en el nostre cas, tenim l\u2019enc\u00e0rrec de fer una cercavila de gegants i capgrossos\u2026aix\u00ed que Som-hi! perqu\u00e8 \u00e9s un projecte intens i exigent. L\u2019objectiu d&#8217;aquest projecte ha estat con\u00e8ixer els gegants i els capgrossos <\/span><span style=\"font-weight: 400;\">c<\/span><span style=\"font-weight: 400;\">om element de la cultura popular partint dels gegants de Molins de Rei. A partir d\u2019aquests hem anat desenvolupant una xarxa de relacions que ens ha perm\u00e8s\u00a0 saber i aprendre\u00a0 tot el que se\u2019n deriva: parts d\u2019una geganta, fases i materials de la construcci\u00f3, la colla gegantera, el vestuari, els valors, els m\u00fasics, la cercavila i tot all\u00f2 qu\u00e8 cal tenir en compte.<\/span><\/p>\n<p style=\"text-align: justify;\"><span style=\"font-weight: 400;\">E<\/span><span style=\"font-weight: 400;\">n el proc\u00e9s de treball hi hagut moments de treball en gran grup, petit grup i parelles. Moments en qu\u00e8 s&#8217;han hagut de donar idees, participar, ajudar, construir, escoltar, mirar, prendre decisions\u2026Hi han hagut errors, frustracions, modificacions, millores, canvis i com tot proc\u00e9s i projecte fet\u00a0 al final cal valorar si all\u00f2 que ens hav\u00edem plantejat i proposat\u00a0 ha sortit\u00a0 tal i com ens ho esper\u00e0vem. S\u2019han fet autoavaluacions i coavaluacions.<\/span><\/p>\n<p style=\"text-align: justify;\"><span style=\"font-weight: 400;\">P<\/span><span style=\"font-weight: 400;\">er poder dur a terme el projecte hem necessitat assessorament, coneixement i aportacions. Volem fer un especial agra\u00efment al fuster Josep Albert, avi del Pol per la seva aportaci\u00f3 i dedicaci\u00f3.\u00a0<\/span><\/p>\n<p style=\"text-align: justify;\"><span style=\"font-weight: 400;\">La sortida que vam fer al taller Sarandaca, l\u2019exposici\u00f3 de festa major, els coneixements previs dels infants, els llibres, contes, cat\u00e0legs, llibretons, cartells, material divers proporcionat per infants i companyes de l\u2019escola\u2026 \u00e9s el que ens ha perm\u00e8s encaminar-nos, aprofundir, aprendre\u00a0 i treballar per assolir el nostre producte final.<\/span><\/p>\n<p style=\"text-align: justify;\"><span style=\"font-weight: 400;\">Ara nom\u00e9s cal dir<\/span><b> enhorabona<\/b><span style=\"font-weight: 400;\"> per a feina feta als infants de les classes dels verds i dels taronges!<\/span><\/p>\n<p style=\"text-align: justify;\"><span style=\"font-weight: 400;\"><a href=\"https:\/\/photos.app.goo.gl\/9NtVoAS5BgTmpZHXA\"><img loading=\"lazy\" decoding=\"async\" class=\"alignnone size-large\" src=\"https:\/\/lh3.googleusercontent.com\/pw\/ADCreHdS3LPHDL8wexiiS2wGcScDgrSmKFizdFYaDsGeR2e1e82-v_gb2452as75SnTT2gEoys79vpQuwGwV1LnO1cWsR8kxF4lnhrQrNmoztP_q2oNafjpL3T87qgzpXOx1BFGf0vOyYy08AVbwsDNCaMW3=w423-h892-s-no?authuser=4\" width=\"423\" height=\"892\" \/><\/a><\/span><\/p>\n","protected":false},"excerpt":{"rendered":"<p>Iniciem el curs amb el projecte de Festa Major, un projecte d\u2019escola on tots els infants hi tenim un paper; en el nostre cas, tenim l\u2019enc\u00e0rrec de fer una cercavila de gegants i capgrossos\u2026aix\u00ed que Som-hi! perqu\u00e8 \u00e9s un projecte intens i exigent. L\u2019objectiu d&#8217;aquest&hellip;  <a href=\"https:\/\/agora.xtec.cat\/esc-lasiniamolins\/portada\/projecte-de-gegants-i-capgrossos-a-p4\/\" title=\"Read Projecte de Gegants i Capgrossos a P4!\">Llegeix m\u00e9s\u00bb<\/a><\/p>\n","protected":false},"author":8,"featured_media":0,"comment_status":"open","ping_status":"closed","sticky":false,"template":"","format":"standard","meta":{"_bbp_topic_count":0,"_bbp_reply_count":0,"_bbp_total_topic_count":0,"_bbp_total_reply_count":0,"_bbp_voice_count":0,"_bbp_anonymous_reply_count":0,"_bbp_topic_count_hidden":0,"_bbp_reply_count_hidden":0,"_bbp_forum_subforum_count":0,"footnotes":""},"categories":[8,207,4],"tags":[398,216,79,91,137,80,324,238],"class_list":["post-2867","post","type-post","status-publish","format-standard","hentry","category-p4","category-petits","category-portada","tag-curs-23-24","tag-gegants","tag-p4","tag-projecte","tag-projecte-de-centre","tag-projectes","tag-taronges-i-verds","tag-verds-i-taronges"],"post_mailing_queue_ids":[],"_links":{"self":[{"href":"https:\/\/agora.xtec.cat\/esc-lasiniamolins\/wp-json\/wp\/v2\/posts\/2867","targetHints":{"allow":["GET"]}}],"collection":[{"href":"https:\/\/agora.xtec.cat\/esc-lasiniamolins\/wp-json\/wp\/v2\/posts"}],"about":[{"href":"https:\/\/agora.xtec.cat\/esc-lasiniamolins\/wp-json\/wp\/v2\/types\/post"}],"author":[{"embeddable":true,"href":"https:\/\/agora.xtec.cat\/esc-lasiniamolins\/wp-json\/wp\/v2\/users\/8"}],"replies":[{"embeddable":true,"href":"https:\/\/agora.xtec.cat\/esc-lasiniamolins\/wp-json\/wp\/v2\/comments?post=2867"}],"version-history":[{"count":4,"href":"https:\/\/agora.xtec.cat\/esc-lasiniamolins\/wp-json\/wp\/v2\/posts\/2867\/revisions"}],"predecessor-version":[{"id":2890,"href":"https:\/\/agora.xtec.cat\/esc-lasiniamolins\/wp-json\/wp\/v2\/posts\/2867\/revisions\/2890"}],"wp:attachment":[{"href":"https:\/\/agora.xtec.cat\/esc-lasiniamolins\/wp-json\/wp\/v2\/media?parent=2867"}],"wp:term":[{"taxonomy":"category","embeddable":true,"href":"https:\/\/agora.xtec.cat\/esc-lasiniamolins\/wp-json\/wp\/v2\/categories?post=2867"},{"taxonomy":"post_tag","embeddable":true,"href":"https:\/\/agora.xtec.cat\/esc-lasiniamolins\/wp-json\/wp\/v2\/tags?post=2867"}],"curies":[{"name":"wp","href":"https:\/\/api.w.org\/{rel}","templated":true}]}}