{"id":2839,"date":"2023-10-04T16:51:32","date_gmt":"2023-10-04T14:51:32","guid":{"rendered":"https:\/\/agora.xtec.cat\/esc-lasiniamolins\/?p=2839"},"modified":"2023-10-04T16:51:32","modified_gmt":"2023-10-04T14:51:32","slug":"3r-la-mola-i-el-montcau-projecte-caixes-de-vida","status":"publish","type":"post","link":"https:\/\/agora.xtec.cat\/esc-lasiniamolins\/general\/3r-la-mola-i-el-montcau-projecte-caixes-de-vida\/","title":{"rendered":"3R LA MOLA I EL MONTCAU: PROJECTE CAIXES DE VIDA"},"content":{"rendered":"<p><b>CAIXES DE VIDA<\/b><\/p>\n<p><span style=\"font-weight: 400;\">\u201cL\u2019aula\u201d ens va explicar diverses hist\u00f2ries que han anat passant al llarg dels anys en aquest espai conjunt i, entusiasta, ens va dir que tenia ganes de con\u00e8ixer-nos i narrar la nova hist\u00f2ria dels grups<\/span><\/p>\n<p><b>Repte\u00a0<\/b><\/p>\n<p><span style=\"font-weight: 400;\">Recrear un relat de vida que pugui parlar dels desitjos i dels interessos de l\u2019actualitat per teixir els projectes conjunts del curs.\u00a0<\/span><\/p>\n<p><b>Nota de l\u2019equip docent: <\/b><span style=\"font-weight: 400;\">Hem decidit comen\u00e7ar el curs amb aquesta narraci\u00f3 conjunta. A partir d\u2019un relat personal, hem volgut con\u00e8ixer-nos i teixir una hist\u00f2ria col\u00b7lectiva de vida d\u2019aula. El repte que se\u2019ns presenta pret\u00e9n relacionar totes les hist\u00f2ries i poder decidir els projectes que realitzarem aquest curs.\u00a0<\/span><\/p>\n<p><span style=\"font-weight: 400;\">\u00a0<\/span><\/p>\n<p><a href=\"https:\/\/photos.app.goo.gl\/VGfwWQMqzTgNFM736\"><img loading=\"lazy\" decoding=\"async\" class=\"alignleft\" src=\"https:\/\/lh3.googleusercontent.com\/pw\/ADCreHesZgER-dY8TBl02UJZUGg5om5a_yjWqlBUY8yDhIjdxkl4He1iHyaxC2XaYjx8Qjg4Ha4k4nRp6bvGpdByOac4TVDf9WpJTiRUTbtwdDufjEB_LDClah5HxbMyZC8RJ8LZg7YkfEJ7aRC0KqbBET6Rrsto9YFoyXb5cxY8QB98DSXg0TeaNtzd4bmUkGrTogky-ITRSGkEyZH9MhRFiAl1GFvV3it3LiRfjXtIKK0s477rtxEHLw-eRbSZ7DUrglp2-pj2MsnUTvWw3GuM5GA0LVRNWkDbfc91MsnxnZ8btI9B-V2h1dO6LD32-NBQb-Ez1rm4X5fkEPdiHVq5F7fUS0dyxqX50oIlwv2LmaOGBQUIDHEewEFwDodmSjDA3IIPRwL2C2AXtkHbmVS5ry8YFFMWlCEJa-jrOR_6RRvnQlInvWheoSJIp9IqImaaBmTkJs-Z9sTnXMV5Q3C9Caf1_lHQK5nNu27qL2YFeC5efwpDEY65gpN6FPCkRUFcB9p3FZxGPwEGPMaSQRXM4dRmett0IF_yHl-tYsxA_EGtH-Qy8GjUVYAiybir5h6uKP6YpH7djdY6s8qeksLH9YbnYSZTfjToAYFb24AU9dU_pT5SllsIN8CUg2J4hS3oJdA5Kwe71kQcH0z4F8XK8IWl7NhAyqUSnhqfPVAJ227U5xCLbqq2tCTimPcmBZXBYYcMAupQQCCjdQXKrBRE6OHy9nthf1L44d1wa77Cr-rmhiPdBSuKNFlotd5qcwSkzUftZBZShX25t5gA_nQyhia8gS-elZZ1N0v_Mggk00PgkWb2odoPkj0exQPuAba-fU1pKK-oarvgUM75SBWLWnrOHrgUzXjT-WLRYUJ-y4dyfVgPlFwCEsk_-n7LYx4EGQ_T2DvARReI8Lo7JT-s8g=w1206-h905-s-no?authuser=0\" width=\"423\" height=\"317\" \/><\/a><\/p>\n<p><a href=\"https:\/\/photos.app.goo.gl\/VGfwWQMqzTgNFM736\"><img loading=\"lazy\" decoding=\"async\" class=\"\" src=\"https:\/\/lh3.googleusercontent.com\/pw\/ADCreHfjon6_xOnZGX_GatV8V8A3SS40TZ11ioZxdpYPikwoYAwjil0WzT1mi-r2hLeCiZL8JN8bwuzcv-AG_4kmVVRXwyAW3Fv8P8ELRScINzwWj54ZD1a5XqSzOd91qbv6at_SM0bJKaegIzzg9UNgCiDTs5DJuxXiIwUar9XxpmSP3uKKQBw0DrSY19QGu0Mk-_KYlyoJi7O30kkNxJ6nCAu2PtEyBP_im0m9YTdnU3NZELxu8ByGEW36kkd50guqTrgfcNW2JAfvaCOwAbSD8MW8mrFyA3bCNRk1lvSpkWJ0mWQbI-cfTWpRc4Bo-kx4V3t6b3i_Eu8WJDmbKCp8RLBNc9jOM9smuVZWUroMI9F6NGqwhjIeBX4j3V0S6zmWWw5EDZSUFGLAC-0pfaFWyUfHfaSeZJxd4bZEbUV-3-0oBfT1B3u60BQQ-F2m9Lx0Yo7KqRh3CyDd1kGKE9J6yOKdBU52JF_IUke989byyf-9uR-KuMPnT28AQn7zFayeWDgM8GhaqZZQ7UnGKNlMAsp8bs1YyE5DIE44k8E9r3zaHEj1uFR6KAhDJWTefa60xm53DbzNSf4LMW11bIQemHk1dNDB34rE6IPEo_pKSSpF0OnJBLHgD8WbduRm1tnGKnSjE1zU80ExDYGLSxgbeKiltpeKDRP2rIsYdT9yWZp2oa1-Z6F-1vn-3tnRMZ5Z3mv239ok2RFVOeSk_SJ7CKwMX2UawtsPNHNj-bSeLpAbqfUr7pKEAB42eQ9N3ivzhsleaQ5_iTKR-Ybss1qZdL-Jbb_fpqDadLwfU1xKacS-YAybha31Zh5DLlkRLy1xiDxVtCEY0HnWKidjdQbcKhbf86crhmw509weoKVIig1w-kaTawaGPaEgNNG5lbcmJ60ynrsdPbdosx1rjoTCcw=w1206-h905-s-no?authuser=0\" width=\"424\" height=\"318\" \/><\/a><\/p>\n<p>Si feu clic sobre de les fotografies accedireu a la galeria d&#8217;imatges<\/p>\n<p><span style=\"font-weight: 400;\">Un proc\u00e9s d\u2019aprenentatge va m\u00e9s enll\u00e0 del que pugui haver quedat reflectit en un paper\u2026 (El\u00a0 Montcau &#8211; 23-24).\u00a0<\/span><\/p>\n<p>&nbsp;<\/p>\n","protected":false},"excerpt":{"rendered":"<p>CAIXES DE VIDA<br \/>\n\u201cL\u2019aula\u201d ens va explicar diverses hist\u00f2ries que han anat passant al llarg dels anys en aquest espai conjunt i, entusiasta, ens va dir que tenia ganes de con\u00e8ixer-nos i narrar la nova hist\u00f2ria dels grups<br \/>\nRepte\u00a0<br \/>\nRecrear un relat de vida que pugui parlar dels&hellip;  <a href=\"https:\/\/agora.xtec.cat\/esc-lasiniamolins\/general\/3r-la-mola-i-el-montcau-projecte-caixes-de-vida\/\" title=\"Read 3R LA MOLA I EL MONTCAU: PROJECTE CAIXES DE VIDA\">Llegeix m\u00e9s\u00bb<\/a><\/p>\n","protected":false},"author":8,"featured_media":0,"comment_status":"open","ping_status":"closed","sticky":false,"template":"","format":"standard","meta":{"_bbp_topic_count":0,"_bbp_reply_count":0,"_bbp_total_topic_count":0,"_bbp_total_reply_count":0,"_bbp_voice_count":0,"_bbp_anonymous_reply_count":0,"_bbp_topic_count_hidden":0,"_bbp_reply_count_hidden":0,"_bbp_forum_subforum_count":0,"footnotes":""},"categories":[12,208,4,1],"tags":[64,408,80],"class_list":["post-2839","post","type-post","status-publish","format-standard","hentry","category-3r","category-mitjans","category-portada","category-general","tag-3r","tag-caiixes-de-vida","tag-projectes"],"post_mailing_queue_ids":[],"_links":{"self":[{"href":"https:\/\/agora.xtec.cat\/esc-lasiniamolins\/wp-json\/wp\/v2\/posts\/2839","targetHints":{"allow":["GET"]}}],"collection":[{"href":"https:\/\/agora.xtec.cat\/esc-lasiniamolins\/wp-json\/wp\/v2\/posts"}],"about":[{"href":"https:\/\/agora.xtec.cat\/esc-lasiniamolins\/wp-json\/wp\/v2\/types\/post"}],"author":[{"embeddable":true,"href":"https:\/\/agora.xtec.cat\/esc-lasiniamolins\/wp-json\/wp\/v2\/users\/8"}],"replies":[{"embeddable":true,"href":"https:\/\/agora.xtec.cat\/esc-lasiniamolins\/wp-json\/wp\/v2\/comments?post=2839"}],"version-history":[{"count":2,"href":"https:\/\/agora.xtec.cat\/esc-lasiniamolins\/wp-json\/wp\/v2\/posts\/2839\/revisions"}],"predecessor-version":[{"id":2843,"href":"https:\/\/agora.xtec.cat\/esc-lasiniamolins\/wp-json\/wp\/v2\/posts\/2839\/revisions\/2843"}],"wp:attachment":[{"href":"https:\/\/agora.xtec.cat\/esc-lasiniamolins\/wp-json\/wp\/v2\/media?parent=2839"}],"wp:term":[{"taxonomy":"category","embeddable":true,"href":"https:\/\/agora.xtec.cat\/esc-lasiniamolins\/wp-json\/wp\/v2\/categories?post=2839"},{"taxonomy":"post_tag","embeddable":true,"href":"https:\/\/agora.xtec.cat\/esc-lasiniamolins\/wp-json\/wp\/v2\/tags?post=2839"}],"curies":[{"name":"wp","href":"https:\/\/api.w.org\/{rel}","templated":true}]}}