{"id":2824,"date":"2023-09-29T11:40:07","date_gmt":"2023-09-29T09:40:07","guid":{"rendered":"https:\/\/agora.xtec.cat\/esc-lasiniamolins\/?p=2824"},"modified":"2023-09-29T11:40:07","modified_gmt":"2023-09-29T09:40:07","slug":"2n-visitem-el-moli-paperer-de-capellades","status":"publish","type":"post","link":"https:\/\/agora.xtec.cat\/esc-lasiniamolins\/general\/2n-visitem-el-moli-paperer-de-capellades\/","title":{"rendered":"2n Visitem el Mol\u00ed paperer de Capellades"},"content":{"rendered":"<p>Aquest inici de curs ens est\u00e0 portant, als nens i nenes de 2n, a con\u00e8ixer nous espais i a descobrir noves experi\u00e8ncies. El dimecres va ser el torn de visitar el Mol\u00ed paperer de Capellades.<\/p>\n<p>Els de 2n tenim l&#8217;enc\u00e0rrec de recollir el paper que deixem a les papereres de paper de l&#8217;escola per portar-lo a reciclar. A vegades, trobem que no en fem un bon \u00fas o que fem servir massa paper sense donar-li tot el servei que podr\u00edem donar-li. Volem investigar com podem donar una segona vida al paper que fem servir i al Mol\u00ed paperer ens han donat molt bones idees.<\/p>\n<figure class=\"figure wp-caption aligncenter\"><a href=\"https:\/\/photos.app.goo.gl\/rKRE5Fmr2qMPKwkdA\"><img loading=\"lazy\" decoding=\"async\" class=\"size-large\" src=\"https:\/\/lh3.googleusercontent.com\/pw\/ADCreHfls2SUJdTbqn8YLYxosOCLpA8FOdlHpTTCK2d0H0U0DZuC1kEAo8CBU5bvuAyv0ez4h2gdEW1TulNdHCl7620sTJ0HWRCTOSKZtt82TFm6TBLGJxJFZLMO9Ev1UAB23RReQlFyrO_lwp-edvCpjBatRqQlOiai0F-Q17ohL8aFGJk00e-nvzz7N3tzgNlQJ4uArnwdajMjyb71YI1Emo6X2c_Kx8LBBN6xYzdaXWiYK4i8_aW-9xk0tHHWxj79e-aSQv0az6_NJ2C6AnY-XO-Rnqt8nV07ii9Ig6FN98AvTX9FWgJkUMO5HGmX7oeN_MFasyiNqta9j8pIKJNlHSSWgIZL90q_aaEz7n9D-B9xeza502DDLG0eHeaJSHpgvWZaGkayEHv3u3de_C2UOAViLao1IFflylagkFN5SgCT175YrC_cbv8GvRotkMDNfJ9ITziWRbm_dl_A3KPVXHVBSkcxCwVnRcLWMm84qXKX9YIBJ5m-jbmvmnEJd8rZYqGeLYrGmheqlyYDPa3Y_MAQ8HziuxjpR4vlmGTw9fl9QeAatnyoiXMJ7Xb-h6Mlaz0Jy0YM5kf7NGsO47oJo-mzc_p3G4yaHKeQIQLRmujZty8zIW8GDcrAgDTlhChUreN0Di_Lf6KcicYbFoA2-2gINGI6pa6yuGf0QxJeFhoOB_kHtXTUTaEs4zMaFSXwqvDvCrntkhgY-e1ge-eqS6oc9ZQNzrPOEs7F4rDwc95e_nI3PIU8qIhsDuWnn00AaPD6y23r-Hhf4f6RsQCaNSEDXLLKMVwhbVr5VPGsgmztB5qcHU_yFBRXmN4PbSTklhUEWz7hnLhq9aOfCTHH7LDFVXB1pYgW6svhz6cKfuezcq_SZskI_y7U8Cok_WsBw3ZJYAN1SxyK5amJOp7a8k17fyt_RkN_ofg6vbQQV9YwMgAD57hYp1oZtAuNR5IB9xvCpYNOt4o7pQ48X6_tnhgtwQN4PY4=w1231-h923-s-no?authuser=2\" width=\"1231\" height=\"923\" \/><\/a><figcaption class=\"wp-caption-text\">Si voleu veure les fotos de la visita, feu clic sobre la imatge.<\/figcaption><\/figure>\n","protected":false},"excerpt":{"rendered":"<p>Aquest inici de curs ens est\u00e0 portant, als nens i nenes de 2n, a con\u00e8ixer nous espais i a descobrir noves experi\u00e8ncies. El dimecres va ser el torn de visitar el Mol\u00ed paperer de Capellades.<br \/>\nEls de 2n tenim l&#8217;enc\u00e0rrec de recollir el paper que deixem&hellip;  <a href=\"https:\/\/agora.xtec.cat\/esc-lasiniamolins\/general\/2n-visitem-el-moli-paperer-de-capellades\/\" title=\"Read 2n Visitem el Mol\u00ed paperer de Capellades\">Llegeix m\u00e9s\u00bb<\/a><\/p>\n","protected":false},"author":1,"featured_media":0,"comment_status":"open","ping_status":"closed","sticky":false,"template":"","format":"standard","meta":{"_bbp_topic_count":0,"_bbp_reply_count":0,"_bbp_total_topic_count":0,"_bbp_total_reply_count":0,"_bbp_voice_count":0,"_bbp_anonymous_reply_count":0,"_bbp_topic_count_hidden":0,"_bbp_reply_count_hidden":0,"_bbp_forum_subforum_count":0,"footnotes":""},"categories":[11,208,4,1],"tags":[92,64,398,80,406,397,407],"class_list":["post-2824","post","type-post","status-publish","format-standard","hentry","category-2n","category-mitjans","category-portada","category-general","tag-2n","tag-3r","tag-curs-23-24","tag-projectes","tag-reciclatge-de-paper","tag-segon","tag-txc"],"post_mailing_queue_ids":[],"_links":{"self":[{"href":"https:\/\/agora.xtec.cat\/esc-lasiniamolins\/wp-json\/wp\/v2\/posts\/2824","targetHints":{"allow":["GET"]}}],"collection":[{"href":"https:\/\/agora.xtec.cat\/esc-lasiniamolins\/wp-json\/wp\/v2\/posts"}],"about":[{"href":"https:\/\/agora.xtec.cat\/esc-lasiniamolins\/wp-json\/wp\/v2\/types\/post"}],"author":[{"embeddable":true,"href":"https:\/\/agora.xtec.cat\/esc-lasiniamolins\/wp-json\/wp\/v2\/users\/1"}],"replies":[{"embeddable":true,"href":"https:\/\/agora.xtec.cat\/esc-lasiniamolins\/wp-json\/wp\/v2\/comments?post=2824"}],"version-history":[{"count":1,"href":"https:\/\/agora.xtec.cat\/esc-lasiniamolins\/wp-json\/wp\/v2\/posts\/2824\/revisions"}],"predecessor-version":[{"id":2825,"href":"https:\/\/agora.xtec.cat\/esc-lasiniamolins\/wp-json\/wp\/v2\/posts\/2824\/revisions\/2825"}],"wp:attachment":[{"href":"https:\/\/agora.xtec.cat\/esc-lasiniamolins\/wp-json\/wp\/v2\/media?parent=2824"}],"wp:term":[{"taxonomy":"category","embeddable":true,"href":"https:\/\/agora.xtec.cat\/esc-lasiniamolins\/wp-json\/wp\/v2\/categories?post=2824"},{"taxonomy":"post_tag","embeddable":true,"href":"https:\/\/agora.xtec.cat\/esc-lasiniamolins\/wp-json\/wp\/v2\/tags?post=2824"}],"curies":[{"name":"wp","href":"https:\/\/api.w.org\/{rel}","templated":true}]}}