{"id":2685,"date":"2023-07-07T08:07:10","date_gmt":"2023-07-07T06:07:10","guid":{"rendered":"https:\/\/agora.xtec.cat\/esc-lasiniamolins\/?p=2685"},"modified":"2023-07-07T18:09:06","modified_gmt":"2023-07-07T16:09:06","slug":"p4-vermells-projecte-la-transformacio-dels-aliments","status":"publish","type":"post","link":"https:\/\/agora.xtec.cat\/esc-lasiniamolins\/portada\/p4-vermells-projecte-la-transformacio-dels-aliments\/","title":{"rendered":"P4  VERMELLS.  PROJECTE: LA TRANSFORMACI\u00d3 DELS ALIMENTS"},"content":{"rendered":"<p><span style=\"font-weight: 400;\">Hem descobert una hist\u00f2ria explicada a trav\u00e9s de les aventures d\u2019un protagonista divertit que li passen coses mentre transporta aliments de casa de la seva tieta a casa seva. Aquest protagonista \u00e9s l\u2019<\/span><a href=\"https:\/\/docs.google.com\/presentation\/d\/1ghbF9eDW6pzUkGDoxgzRSpuqqO6EMHbg\/edit#slide=id.p1\"><span style=\"font-weight: 400;\">Epaminondes<\/span><\/a><span style=\"font-weight: 400;\">.<\/span><\/p>\n<p><span style=\"font-weight: 400;\">Les aventures de l\u2019Epaminondes ens serveixen per pensar, reflexionar i crear hip\u00f2tesis. A partir d\u2019aqu\u00ed els Vermells han volgut agafar el repte de transformar-se amb <\/span><b>cient\u00edfics &#8211; cuiners<\/b><span style=\"font-weight: 400;\"> per investigar que passa amb els aliments depenent de la manera que els tractem o b\u00e9 amb quins altres elements i\/o aliments els posem en contacte i\/o els barregem.<\/span><\/p>\n<figure class=\"figure wp-caption aligncenter\"><a href=\"https:\/\/photos.app.goo.gl\/HES4a95R9RBKxQTF7\"><img loading=\"lazy\" decoding=\"async\" src=\"https:\/\/lh3.googleusercontent.com\/pw\/AJFCJaXBZ2BF0Xh2G3PcBFmik8ULHa113ZaTmAMvpIzlX04TG35eApaC8UqnrQT-0Zhly0y-3E8U7GXsIgOunF68HU0J7vkPGXwSNca0ARvftEkFrx0yPolYNo6l152oZUWkWoYOu2ZK74L0YzGZJHgynyw2RAojx-tZeb-9d7JG-zkTJjRDjgSBv7E7iZqiO1TeFTtMOZXkfGmV4iGf2fVuwq--j1-oZ7Wxg8Loq6fKBXwBpbHdz12ouzEvuuKAqU8Vnfe-jvSuhybmQmONVg2Em5ilNm7DgeRs2P_X1CT8ml-XxSf01qyyIJ7AsWoy45UHia-tdNnmakt__s2mOd0r8c_DApdSHnhvKOtWNz1_OXUWleUifc7p7bTzeNCQtxBKSFD7wD4MVHSYkDty5MmoN9wUnJT9kbPvU5PuA_v7-kTAtopBjibTwZxdtQmTNYKMs8slUhl-t9K2Y6TFv1fgdegEx4GSOdLUSgZve0eQH5BLSKW22qgL-5CK5XJRnztKX35wSyh1YW5NN8yq7pg1vrzvJGf8bNVFDFnuziaJQLEDD-2HeKngxlv9PlvEsMF5KxgCzoJWF19CzTwHg-VyeJomM6zDLI_CeCXbQauiVbfCzd75evO_X0pdaB9QoHYxrnT9TbWTDWG0LDOOStidXLK63N5quvcOQyqDchUoDP-s9xopfAC3PnptU5Zron1gvy3hnye-uxKJ-kZjZDIS_Vlu60RHchSTeIe3WFIxahHJSUf_3mW-5r9a09WZ7pMdhcsZvqibxg55BVr3JO4iEQM9tZuVHyxnFUhxr-T9tfyf9vVJQ11AHKn7x21fcqm3zQOyFKX5MX4jmU33W--BCq39eRYfeMrwwtPfABwyuaaWAhfA2vy_nCtwU70Us5rYVmG4v7tZkAvoLJz8EMNPoabGW6TtW91EdbLZAfb4Lb0WUu4emSNH3n_SdGzBcDGkzQTp_PngwtcJnuGGJnklMiy7oxv6_tt1kw=w1239-h929-s-no?authuser=5\" alt=\"\" width=\"424\" height=\"318\" \/><\/a><figcaption class=\"wp-caption-text\">Pots fer clic a la imatge per accedir a l&#8217;\u00e0lbum de fotos del projecte.<\/figcaption><\/figure>\n<p><span style=\"font-weight: 400;\">Ens fixarem com un mateix aliment pot acabar tenint estats diferents segons els diversos tractaments que rebi i ens q\u00fcestionem el motiu del perqu\u00e8 aix\u00f2 passa.<\/span><\/p>\n<p><span style=\"font-weight: 400;\">Al llarg del projecte el conte de l\u2019Epaminondes ens ha acompanyat en moltes converses que els infants han pogut anar trobant similituds entre la hist\u00f2ria en si\u00a0 que li passa en el personatge i les situacions viscudes a l\u2019aula.<\/span><\/p>\n<p><span style=\"font-weight: 400;\">El proc\u00e9s de treball d\u2019aquest projecte, l\u2019experimentaci\u00f3 i l\u2019an\u00e0lisi l\u2019hem basat b\u00e0sicament en dos elements: els ous (batuts i sense batre), els ous posats amb aigua bullent o amb oli bullent i la galeta. Qu\u00e8 li passa a la galeta quan s\u2019aixafa, si mant\u00e9 el gust o no. Que li passa a la galeta quan li anem afegint aigua. Qu\u00e8 li passa a la galeta quan li afegim xocolata i llet?\u00a0<\/span><a href=\"https:\/\/docs.google.com\/document\/d\/1iPwDFMQzy5q0fno0XUtLEM4DpSoo-faVFUdjZvk1wVs\/edit\"><span style=\"font-weight: 400;\">Fotos del proc\u00e9s<\/span><\/a><\/p>\n<figure class=\"figure wp-caption aligncenter\"><a href=\"https:\/\/photos.app.goo.gl\/H4wAcEmV32PdDnzX8\"><img loading=\"lazy\" decoding=\"async\" class=\"\" src=\"https:\/\/lh3.googleusercontent.com\/pw\/AIL4fc8euxm7on0XhFz7g2veMIlK3Z012Hk8cIZkQRTePFg1GLd6k8Qzv-gghTOIn5qcpmZpZMX20vA4ow79F8ShOwuGfCGE6oDadIeebdnD66wpCJeqNo4DNsqtemTLuRitpWxk3Zetx1B12zagP2toD0ujFeT3AEbzdTsDTjEhbusG6x5lYpVq6DA888X-L3sic6u41BnB1NRjLaJ5Po_otnUsmRHrie-9BIuAVzky4f-agvG_6PK9ygo5FK6rYGsfTMUoYYDaQzv0Q3XVHNy-qP877OU5Cn6qTUxZg-BkXXczWYF-jljYEtzGHWY9NYpiPg8uxkDSJTtVvB5kBxdd0AOvB_-p6xaQWwlJLv6uMOspeObDnDCSH0JSCqnSuZzG3yhYJRmpI8r2K3YDTgBCSXAJZynG3Yftzi-VjASu4OZ2j1H8FK9MKlFyDufnYWLc06Mr1fW2ioprWQ2W4TdncQ05S-koyRyn26l42ii2y5eYbJjT6uywsM2xVCxoQgUy0NrKt8K92VaoKmDV62M-sL9e8RkyIea7Q3WsJD1Ot9hV8-QjHvmR5zW88x6BSdT0h0WlFnEAGbh5I0QzQ0uY8EDaFhC4dB9P0jSbgyQJHSSiJzomVe4PIvFOKi35U2j6wIIkPCpLZSjHrmbT2hctMJi8YHlAAkNzElxAUqqWm3TYcyMqupp_rOPBOAA7E84w9ievWlOpsHdQL6GHPGOGJ7NDXMkTzKStI3j0h-m2Wd5YBIypU3jgU130KbFrQyl5C9Qamh_O-8Q2UgmLqtkdVp2jFA60zqf72Gyo9nf-o42jzvZtUIa8nelNSlqcCzXAi9_IxuWrZW1qR4R5qLkd-WsRZYJ_fza0_5FFcl_PKmX6SXdgjTd7Np7G3fsYcV_iDhjs5hLDhBJvyC7sO_Rf3WArtdIQTw-h0tcN-a9RkujMYUjsF6hg9sdlc8ZLNj3TPeULQzNrJdVX89PpR85ym4cMN2-xD69Duw=w1239-h929-s-no?authuser=5\" width=\"560\" height=\"420\" \/><\/a><figcaption class=\"wp-caption-text\">Pots fer clic a la imatge per accedir a l\u2019\u00e0lbum de fotos del projecte.<\/figcaption><\/figure>\n<figure class=\"figure wp-caption aligncenter\"><a href=\"https:\/\/photos.app.goo.gl\/rrHV7NXWEdTu6Wp16\"><img loading=\"lazy\" decoding=\"async\" class=\"\" src=\"https:\/\/lh3.googleusercontent.com\/pw\/AIL4fc8JhQtDrq0-r9rjQxVWfLH_zKQU-xMN9sY0AGzifQFGxlRdYzkNy0OZVWGY59vro-cgdb3O0Cc2KSFgvNq8LQjjjWcDL64WUJyGYat94H-OQbqmyDFT_IGARf1E7SaYdvwCL1HOwG3AqoOiKIqzoI9QxAbONXwlB83nu2rhFILETLfP1PTj4JFC5t6lc-FfG6vyrhmimhAzFcJki0CHQajb0SMHTSpNWTocqLImcC4tUU3fJuNiAam2I_4H_iPaytsFSNvtBKioW3Svy0E2jrZ1sSIaWAmCoHDlDRMHQZ26Xs0arjHnD_cTaf1sBnb-jeleXMDmKWJawV35hn4cKLbwHxoHWdrPsiuHd_KzLFDtddJmVw_e7n5ZHwXEeeAt5D_Dvl0Y-GM4Hwnqiq4_ewSQ_oCgPI96TOwRrAkOHjBpubiKaCHp-Y5ZpDzJ7gABfPaFQEbs0C8FOr3OQbtB6tk-v7EMa1QF--2bJ6Sd2rZ05iYvOI78sY_7ZVfHE6bwAXlhR-53yi8Nw_MFVyVht8Gb_mfTNqixvVg-t9oWmQ_34C3d_XVEwZNXLjcSbWD4jdMPky9S3nupUyC2VzOu75zWN6NV9a4mwKaKK2U7f_rjnVikWmOfvUEh4A-FS7OmK1eQihmp99dcJvGjGbBeHRxeQyzr2twhSN8Gda-sMTOBucIx84ZH9qaedI6wWl_qy5xxuqQlB8a4KqftUPmdvsAgSBMGvia5Wppu8OChoc7Rqi7LMwcERHBV5LOc0Ao4AV8KpQsCl9vcEIGRzd1pVn3Ew7ephXSsBo7wi0RdEOG6M-3FtLtlUm0iYl3LuVnt-ri3GHhPvRsG8TNs-6nSGqSn1OTiSAAvRH3r-5pWVnzU7M3rMuLEFBldDLVnhzUQHy2Ubf1Q30DPzU8WuMsB3TSnYxxwlAdTVVGAPqDmvg5i4sjFI2h5zJvOeA5pV1U86G892qHXzKY8YSSKNFGv6O5KH2VCnbMQqg=w697-h929-s-no?authuser=5\" width=\"477\" height=\"636\" \/><\/a><figcaption class=\"wp-caption-text\">Pots fer clic a la imatge per accedir a l\u2019\u00e0lbum de fotos del projecte.<\/figcaption><\/figure>\n<p><span style=\"font-weight: 400;\">De forma paral\u00b7lela a aquests processos que fan els infants han portat a terme acompanyats i guiats per l\u2019adult, a l\u2019aula hi ha una cuina amb diferents elements. Aquesta proposta serveix perqu\u00e8 els infants lliurement puguin anar a jugar i investigar, sempre amb reptes proposats tamb\u00e9 per l\u2019adult. Les dificultats, les conclusions, les solucions que cada un dels infants va trobant es van compartint amb la resta de companys.<\/span><\/p>\n<p><span style=\"font-weight: 400;\">Ha estat interessant veure com la conviv\u00e8ncia a l\u2019aula d\u2019aquestes dues propostes de manipulaci\u00f3 dels aliments la m\u00e9s pautada i guiada per l\u2019adult i la proposta m\u00e9s manipulativa i m\u00e9s lliure s\u2019han complementat entre elles i han ajudat a arribar a conclusions.<\/span><\/p>\n<p><span style=\"font-weight: 400;\">En la proposta de la cuina els infants tenen macarrons, xocolata en pols, sal, oli, aigua, llenties, farina.\u00a0<\/span><\/p>\n<p><span style=\"font-weight: 400;\">Els reptes proposats han estat:\u00a0<\/span><\/p>\n<ol>\n<li style=\"font-weight: 400;\" aria-level=\"1\"><span style=\"font-weight: 400;\">Podeu barrejar un m\u00e0xim de tres elements, per\u00f2 un cop barrejats tamb\u00e9 els haureu de tornar a separar. Quins elements barrejareu i com els heu separat?<\/span><\/li>\n<li style=\"font-weight: 400;\" aria-level=\"1\"><span style=\"font-weight: 400;\">Feu la barreja de dos elements diferents que es puguin barrejar amb l\u2019aigua i que un cop barrejats els dissolguin. Quin heu triat?, i com ho heu fet la barreja?<\/span><\/li>\n<li style=\"font-weight: 400;\" aria-level=\"1\"><span style=\"font-weight: 400;\">Quins aliments faran canviar el color de l\u2019aigua?<\/span><\/li>\n<li style=\"font-weight: 400;\" aria-level=\"1\"><span style=\"font-weight: 400;\">Quins aliments faran canviar el gust de l\u2019aigua?<\/span><\/li>\n<li style=\"font-weight: 400;\" aria-level=\"1\"><span style=\"font-weight: 400;\">Qu\u00e8 passa quan barregem l\u2019aigua amb els macarrons?, passar\u00e0 el mateix si posem aigua de l\u2019aixeta amb els macarrons o escalfem l\u2019aigua?<\/span><\/li>\n<\/ol>\n<p><span style=\"font-weight: 400;\">Altres q\u00fcestions que tamb\u00e9 han fet pensar:<\/span><\/p>\n<p><span style=\"font-weight: 400;\">&#8211; Qu\u00e8 \u00e9s aix\u00f2?<\/span><\/p>\n<p><span style=\"font-weight: 400;\">&#8211; Pot canviar?<\/span><\/p>\n<p><span style=\"font-weight: 400;\">&#8211; Qu\u00e8 ha passat?<\/span><\/p>\n<p><span style=\"font-weight: 400;\">&#8211; Per qu\u00e8 creus que ha passat?<\/span><\/p>\n<p><span style=\"font-weight: 400;\">&#8211; De qu\u00e8 creus que est\u00e0 fet?<\/span><\/p>\n<p><span style=\"font-weight: 400;\">&#8211; A tots els hi ha passat el mateix?<\/span><\/p>\n<p><span style=\"font-weight: 400;\">&#8211; Algun pot tornar a la seva forma inicial?<\/span><\/p>\n<p><span style=\"font-weight: 400;\">&#8211; Quin material es transformar\u00e0 abans?<\/span><\/p>\n<p><span style=\"font-weight: 400;\">\u00a0Tots poden tornar a la seva forma inicial? Per qu\u00e8?<\/span><\/p>\n<p><span style=\"font-weight: 400;\">&#8211; Com creieu que l&#8217;Epaminondes podria haver portat la mantega perqu\u00e8 no se li desf\u00e9s?\u00a0<\/span><\/p>\n<p>&nbsp;<\/p>\n","protected":false},"excerpt":{"rendered":"<p>Hem descobert una hist\u00f2ria explicada a trav\u00e9s de les aventures d\u2019un protagonista divertit que li passen coses mentre transporta aliments de casa de la seva tieta a casa seva. Aquest protagonista \u00e9s l\u2019<a href=\"https:\/\/docs.google.com\/presentation\/d\/1ghbF9eDW6pzUkGDoxgzRSpuqqO6EMHbg\/edit#slide=id.p1\">Epaminondes<\/a>.<br \/>\nLes aventures de l\u2019Epaminondes ens serveixen per pensar, reflexionar i crear hip\u00f2tesis.&hellip;  <a href=\"https:\/\/agora.xtec.cat\/esc-lasiniamolins\/portada\/p4-vermells-projecte-la-transformacio-dels-aliments\/\" title=\"Read P4  VERMELLS.  PROJECTE: LA TRANSFORMACI\u00d3 DELS ALIMENTS\">Llegeix m\u00e9s\u00bb<\/a><\/p>\n","protected":false},"author":1,"featured_media":0,"comment_status":"open","ping_status":"closed","sticky":false,"template":"","format":"standard","meta":{"_bbp_topic_count":0,"_bbp_reply_count":0,"_bbp_total_topic_count":0,"_bbp_total_reply_count":0,"_bbp_voice_count":0,"_bbp_anonymous_reply_count":0,"_bbp_topic_count_hidden":0,"_bbp_reply_count_hidden":0,"_bbp_forum_subforum_count":0,"footnotes":""},"categories":[8,207,4],"tags":[202,79,80],"class_list":["post-2685","post","type-post","status-publish","format-standard","hentry","category-p4","category-petits","category-portada","tag-curs-22-23","tag-p4","tag-projectes"],"post_mailing_queue_ids":[],"_links":{"self":[{"href":"https:\/\/agora.xtec.cat\/esc-lasiniamolins\/wp-json\/wp\/v2\/posts\/2685","targetHints":{"allow":["GET"]}}],"collection":[{"href":"https:\/\/agora.xtec.cat\/esc-lasiniamolins\/wp-json\/wp\/v2\/posts"}],"about":[{"href":"https:\/\/agora.xtec.cat\/esc-lasiniamolins\/wp-json\/wp\/v2\/types\/post"}],"author":[{"embeddable":true,"href":"https:\/\/agora.xtec.cat\/esc-lasiniamolins\/wp-json\/wp\/v2\/users\/1"}],"replies":[{"embeddable":true,"href":"https:\/\/agora.xtec.cat\/esc-lasiniamolins\/wp-json\/wp\/v2\/comments?post=2685"}],"version-history":[{"count":3,"href":"https:\/\/agora.xtec.cat\/esc-lasiniamolins\/wp-json\/wp\/v2\/posts\/2685\/revisions"}],"predecessor-version":[{"id":2710,"href":"https:\/\/agora.xtec.cat\/esc-lasiniamolins\/wp-json\/wp\/v2\/posts\/2685\/revisions\/2710"}],"wp:attachment":[{"href":"https:\/\/agora.xtec.cat\/esc-lasiniamolins\/wp-json\/wp\/v2\/media?parent=2685"}],"wp:term":[{"taxonomy":"category","embeddable":true,"href":"https:\/\/agora.xtec.cat\/esc-lasiniamolins\/wp-json\/wp\/v2\/categories?post=2685"},{"taxonomy":"post_tag","embeddable":true,"href":"https:\/\/agora.xtec.cat\/esc-lasiniamolins\/wp-json\/wp\/v2\/tags?post=2685"}],"curies":[{"name":"wp","href":"https:\/\/api.w.org\/{rel}","templated":true}]}}