{"id":2648,"date":"2023-06-25T12:26:46","date_gmt":"2023-06-25T10:26:46","guid":{"rendered":"https:\/\/agora.xtec.cat\/esc-lasiniamolins\/?p=2648"},"modified":"2023-06-25T12:26:46","modified_gmt":"2023-06-25T10:26:46","slug":"projecte-pas-a-primer","status":"publish","type":"post","link":"https:\/\/agora.xtec.cat\/esc-lasiniamolins\/portada\/projecte-pas-a-primer\/","title":{"rendered":"PROJECTE PAS A PRIMER"},"content":{"rendered":"<p>Els infants de P5 han acabat els tres cursos del cicle de petits. Aquest fet provoca alguns canvis que neguitegen, generen dubtes, sorgeixen preguntes&#8230; Per tal d&#8217;acompanyar aquest proc\u00e9s les mestres els hem proposat fer un projecte anomenat: PAS A PRIMER.<\/p>\n<p>Aquest projecte es duu a terme les darreres setmanes de curs i passa per diferents moments que, a continuaci\u00f3, volem compartir amb vosaltres.<\/p>\n<p>Fa uns mesos vam fer un sociograma on els infants ens explicaven amb quines persones es relacionaven m\u00e9s i per qu\u00e8. Tenint en compte, el sociograma i la visi\u00f3 de les mestres vam iniciar a fer els grups. Una vegada vam tenir feta la primera proposta, vam provar-la en diferents situacions: aula de psico, rotllana, propostes d&#8217;aula,&#8230; I vam haver d&#8217;anar perfilant algunes decisions que podien encaixar millor.<\/p>\n<p>Paral\u00b7lelament a aquestes provatures, vam demanar-los que s&#8217;agrupessin en grups de cinc i, entre tots, fessin un dibuix on es vei\u00e9s l&#8217;aula de 1r tal com se la imaginaven. I aquest va ser el resultat&#8230;<\/p>\n<p><a href=\"https:\/\/photos.app.goo.gl\/PFdrdostp8GKfrPz7\"><img loading=\"lazy\" decoding=\"async\" class=\"alignnone size-large\" src=\"https:\/\/lh3.googleusercontent.com\/1LNKeV5marHDOkJcCRpnVXzuCs7ailMNJaEqfFV5dXIrpljdfSGbTlkNU6Y6YFWx22ZDAgghIyZR3jOgeXaNRMFf1hbcy73Gl69xIdxjhWw10h8hiBe4LbgODLy54NGCGqzxnSQzCvvD01bHKIYe2fqVQYjxok9Vz1gpWgACqlchcWoQPRy3J9BDBOu7NxYxIiO36tdHCg7GthyyC4Ix4a1wCyJVFUNNmOhPiQqSsIzmOxWuy-qG6vodbO3uKMWCB6qwAbVnBt22c1lzmcACwQ39a_0OIrjdpl9yJeiO99YPGAtiidgfnd7gaQK7QBXupYeoRJXFsRLvLalpxaP-nU4_lPfZ6dMuV_1IgtUX6krZyCQRU18kQZAamH0Has2bO41GpSJ0oTIOD-tkDjTLbyfUSCVmW0IDmu3O-pxMhioHmGdhXQA-Y57p3z3ziif86R62jqLl29KyaTcNGLp8zbTv2E-HWgnz7ZcO8IDrC6DFBL1EU5JRwiPfv5hKYgUbgH5_FbYav_ng9W_jmAoJN8LGdAw8BJjuZ36ilm43IuNwwEVqydpZ5oJ2g6pN1qjyBBcyUMMPmG96FSLbL2_e3dKeIOanF6fifICdQR79Co53gIsEVxeW0V1a42x3230O2mRZFsMgL2PqLrdUrpETGfxTgMxvTmUdv2iD-hKhTmgVU3MB7rRkBrcZyAJIXfITazp1927k7ilZQHLsHgypyYMYyJHTV9fE0V0PSSfXuWlTMDPv72817v9Ue8KcsDatxdmEiaRVfs-SA6dDJAyZF1EGt40mX8mQzK2aVYq7r0DOTRMT65gvG8Bz8FJWmH91qVRgZqvDRnDVLqPu_--EcNQSo7m5Y4iR3vgm9kbcZ_nN8n2AJWXLFZSlxi-uWC5KWq_1gMj5fMFuxLjVChRWJ3rclMDg2uzL__qjw24ev0_1=w876-h657-s-no?authuser=0\" width=\"876\" height=\"657\" \/><\/a><\/p>\n<p>M\u00e9s endavant, amb els mateixos grups de cinc, van fer un llistat amb preguntes que els interessava saber dels canvis que hi hauria a 1r. I aquestes van ser les q\u00fcestions triades&#8230;<\/p>\n<p><a href=\"https:\/\/lh3.googleusercontent.com\/F4y_pjHal6Hm0DB91Wj2z__9WszpcZHPYZT_5GglHHU6Q2G1Hy_cB8AdzQ74qnwHaEIUDsXWAkoL5hYn8uD7K5eld-QDMWJW8MLCJBCh10r5a8XmX03zF3LWRy76kFZ_THx7_0kuCXdlPYo6NKijkzI5y-5ZAq0gPTUyrMEBjWHxekYkGV3y8imKeHVvCyUvTOluR43raAvo0K5AMOmnojnZY9WYemIAXk4R7JeybxppZVIpEcswzie3F8vuT-ojuExJeoapeSf8ENmtBAGqWk0Nc9v-oeJwU0DGVc7Z-1DKmB9eZ8WQZN4Ah_izQH9nlKa7Yo6E8bu6XUc0kLqvcq75vrqQpQ__0Ske2BYzMu-ScTnzpKjJaO3sP041tRmUdxuYvGhOA82lUlsh1RsQlRgpPMRpVsYbOTOPfjBuXEOwYhlIExhqMn73FtY9eBeLlJ9E4CVRbOxJU1EwUOZ7GGK5GPLzmbMjUFzj-knb9uIaeHcfvppRd4VUSN0yj3lqhLXiDtY0sZH_G19OgF7UZYAv2FzvzY84QnNGMOa2HTQrNYxLlaSM5CcweHU4Qt57vgCwkuhsVpbgl59gD51iiSQmL2NJu5Gmp82150ntWTlfmMTjel49NtHpXiMsweIpWzKNXEO80XNBXAmJxyuOJiCt0yIf89V0jsoGSmeC6vD0lpeAVzyL55RtppBQuKpkf0RLVWXGD_ukvmg4IVnCjpnBBDyEznoSNppvlpRqcANE2EgGiG2mYvKVyeKCguiZqYgUBsAr5O3KsiB3pnkSsVSlGVRYWr8LNd6K98OlibsZVEoZS9-uiViNxe7zlyVbYOOIlK0KIGGhNdh_JtaYE6Tpz39WVqjtY6tWFQMURVlabZ4c1802WYsaIrcOMyV7jSgMP9y4tVc3o1kAEow3vE421KHTXKhcw59u1YPyDRD9=w876-h657-s-no?authuser=0\"><img loading=\"lazy\" decoding=\"async\" class=\"alignnone size-large\" src=\"https:\/\/lh3.googleusercontent.com\/F4y_pjHal6Hm0DB91Wj2z__9WszpcZHPYZT_5GglHHU6Q2G1Hy_cB8AdzQ74qnwHaEIUDsXWAkoL5hYn8uD7K5eld-QDMWJW8MLCJBCh10r5a8XmX03zF3LWRy76kFZ_THx7_0kuCXdlPYo6NKijkzI5y-5ZAq0gPTUyrMEBjWHxekYkGV3y8imKeHVvCyUvTOluR43raAvo0K5AMOmnojnZY9WYemIAXk4R7JeybxppZVIpEcswzie3F8vuT-ojuExJeoapeSf8ENmtBAGqWk0Nc9v-oeJwU0DGVc7Z-1DKmB9eZ8WQZN4Ah_izQH9nlKa7Yo6E8bu6XUc0kLqvcq75vrqQpQ__0Ske2BYzMu-ScTnzpKjJaO3sP041tRmUdxuYvGhOA82lUlsh1RsQlRgpPMRpVsYbOTOPfjBuXEOwYhlIExhqMn73FtY9eBeLlJ9E4CVRbOxJU1EwUOZ7GGK5GPLzmbMjUFzj-knb9uIaeHcfvppRd4VUSN0yj3lqhLXiDtY0sZH_G19OgF7UZYAv2FzvzY84QnNGMOa2HTQrNYxLlaSM5CcweHU4Qt57vgCwkuhsVpbgl59gD51iiSQmL2NJu5Gmp82150ntWTlfmMTjel49NtHpXiMsweIpWzKNXEO80XNBXAmJxyuOJiCt0yIf89V0jsoGSmeC6vD0lpeAVzyL55RtppBQuKpkf0RLVWXGD_ukvmg4IVnCjpnBBDyEznoSNppvlpRqcANE2EgGiG2mYvKVyeKCguiZqYgUBsAr5O3KsiB3pnkSsVSlGVRYWr8LNd6K98OlibsZVEoZS9-uiViNxe7zlyVbYOOIlK0KIGGhNdh_JtaYE6Tpz39WVqjtY6tWFQMURVlabZ4c1802WYsaIrcOMyV7jSgMP9y4tVc3o1kAEow3vE421KHTXKhcw59u1YPyDRD9=w876-h657-s-no?authuser=0\" width=\"876\" height=\"657\" \/><\/a><\/p>\n<p>&nbsp;<\/p>\n<p>Amb el recull de preguntes vam anar a visitar als infants de Puig d&#8217;Olorda i Puig Madrona i vam passar una bona estona amb ells parlant dels nostres neguits. Ens van ajudar molt\u00edssim a estar m\u00e9s tranquils tot contestant cadascuna de les preguntes realitzades i fins i tot ens van explicar altres coses de funcionament que nosaltres no hav\u00edem pensat!! Per\u00f2, el que m\u00e9s ens va deixar tranquils va ser una frase: Si comenceu 1r i encara teniu dubtes, neguits, preguntes&#8230; recordeu que nosaltres serem al costat vostre per ajudar-vos.<\/p>\n<p><a href=\"https:\/\/photos.app.goo.gl\/BkXeAxPJRrXGLP556\"><img loading=\"lazy\" decoding=\"async\" class=\"alignnone size-large\" src=\"https:\/\/lh3.googleusercontent.com\/-7fsH6zb6XVDk4IKXu9GYRb3vE0rccBEaRh6dTGD2FUDZrTeEsqpjHffS9SpWejRMBLcJ-UUgcW2WyxhewZQKSplx30FJTJ0oW-4WW7-f9GnjuZTwsF_SrJZRhVnt_OuLDZlonRo6eTa7z9dauJusRSZEXyTtcWgwQx57QEGc9E8ofgWMG7aVz6DoahVwnrWjW_NVTUSpAv4adchAXwEKUfztFWkv0zPDpkiOYSZpGV1hS1WX09nC9vk_V2Q9uIEeqgWzPXbTF5dWl2ylsb8D5BuHTIE8hkG5IRtWzEOjbkA9mpLy45Jv_fAZJYCSZo_yTZtDKsEIc9uz0DErbFS7Yq6YnaudjK5L_WTKaHPmMLRQ6s1y4qXPlJv8V_Y44ZQDtaHVbJ5XD_1ewSagndVIju2m_T8X6VMTpll-b6MgQKmz7WjZXxTN_guMwieZYfPXjasL8ge8I8aiaLOiTDzmYFUhtV8CnwIvW_w4qUlwzebP059gvFpzw9rYNZf0U1ZJIhdrkef8WwQ7Oozq01NFoxsuOY_6RQ7KV2ZPXtf4-JaQSJJkUHd_Ry2pmpvmqcYsTlXkTL1kyCUW_iKEMxHtPspMfJfpzDpZxaMAitmMoM5lRnqPNoMmQbof4EhSQTQfWty2VptVnvs19v-q0OQSQL-jcDYiel32nLyofog3LRQFKW8hVIQ-EOzVIMyfG0F-fisHGzAKW6sqF0JQpacY-CpZK3XHOK5N3hMADkSF5tRiGYJASgiCvVR6pTeg8vKZbjXmtBUcjSuipc0sDFDNY17Fqwvf7nqQKR_5EFzRdxgTFOYTo7SUzuxYGmXAVF_xYuzIYudrgicW6Vt8gKrl_hFh2WN1WB8C9s71KX9rAQBHWiJCKubQuVxVEBGVn3G2BrM22TwhZsVE6cnXI1lROU8Dd5uYUNic5n6qcxPlevb=w876-h657-s-no?authuser=0\" width=\"876\" height=\"657\" \/><\/a><\/p>\n<p>Finalment va arribar EL MOMENT&#8230;<\/p>\n<p><a href=\"https:\/\/photos.app.goo.gl\/TcFFyuATVx9qCeyJ9\"><img loading=\"lazy\" decoding=\"async\" class=\"alignnone size-large\" src=\"https:\/\/lh3.googleusercontent.com\/Z2TyYGQqIydTO5mrMgtY-UOhG5BJCDsiOmEcB1emuj5Kt9uMRuu2n2RPuwQYn3PJNXke_QFTzJPFvixdZGHJDe2fZt29n3vFgdoRvDD9hhowS-MpJKvBtBqVZK1yqeaqBeHsIzcmT9-P5XWjFTO24ibEWSB5LVRsL1QrVhI1SweirO8pZHaXzFSisZ2OTQ3G4iz5qi5CG2_aGUu77ChELfm-2DNendAKDeVdlVxwXJmdyg0E9964DSGa8rQ6NB_yMkPylZLrxD1RIz1-rjdI1ThLjNBl4y_0oPJppDINnfQUglQIkVCffAPO7jGL_03zobf5o-Vme8uKLMlShwDPyKYsdHuhwy1mFJqKJB3itBSzgfU9Rhnqaw-ZeDLfn8yRSjbjyyZ-a2nRucPB72ALiUhZ3IR1Sb-PE1GtpEsvYMt66BbNZM3ULUDsNO8BKbzt9H35BOjUiv_3-cOtu0mg1A5THxGEJEEpUc060WVqZQViVAPfaR076Y4B45TIYQtWNTZeLAN4Lm_sLQljWmh8kUVFPd8N2nkH7Rx5osu8pWKyWiepcCMNpX07a5gFT7mX_bbp1d4fu3ZZ-_i_4608QAdebZFln3Dmyc_qUHTnzao9dbonDqZCCY2r6Cunew6TNgdxTrdKLo4xDXfuNkEZ8MeJFrh1wr9ytU9Yga5xrD-eVI1XNKmM65rNcE_x3RmIZk3y_0nLtC4Z0_O_V3m9ccW2HuXebGoUjyareAVaxmHSQiZO_tAJL51fN287xG3wssWMict-P1tdSbzklPFUpj7P3PaTHQHfTg2zMzIV12UcYVvBHN14lzggibeMe-iUsHLRvniNIYy0vNbGfdnlhBSjM6UKrXX83HD0rBPmgaXo05bppanaCAndRouL92LqDRVGr7Ng5Lg-P2wQhqZdntStaJXxyUasC4sVoBwUzoU3=w876-h657-s-no?authuser=0\" width=\"876\" height=\"657\" \/><\/a><\/p>\n<p>Ara, nom\u00e9s resta esperar que el pas a 1r sigui una realitat. Per aquest motiu vam demanar-los que escrivissin en un paper de color l&#8217;emoci\u00f3 que sentien cada vegada que pensaven amb 1r. Vam escriureu-ho, ho vam guardar en un sobre i en una capseta molt bonica. Quan arribin a primer la capseta els estar\u00e0 esperant all\u00e0 amb la nova mestra, llegiran el que van escriure a p5 i iniciaran, tots plegats, un curs nou, un curs ple de reptes, un curs ple de somriures i de noves aventures.<\/p>\n<p><a href=\"https:\/\/photos.app.goo.gl\/ezzJrxzoB2BzR1529\"><img loading=\"lazy\" decoding=\"async\" class=\"alignnone size-large\" src=\"https:\/\/lh3.googleusercontent.com\/pw\/AJFCJaXEPLFIkF6Hyan6SlrYDHvyTdosDVk-sZtkN8WNzpqFkd2DevmjI8nNQrugekISuFkROP5OJ2KOiJ-_17zWM606a7AgjrPzeajg-UFSq9sTE0kfLXbG8nGTkkoEbB7lrt3wwZiUZV8BB8bJwXo9MpFB=w876-h657-s-no?authuser=0\" width=\"876\" height=\"657\" \/><\/a><\/p>\n<p>ADEU, GROCS I BLAUS, BENVINGUTS PUIG D&#8217;OLORDA I PUIG MADRONA!! ENDAVANT!<\/p>\n<p style=\"text-align: center;\"><a href=\"https:\/\/photos.google.com\/album\/AF1QipMrT_vXF3zVE8VesRPT_XtvsRQGvrnMABZT2DsH\/photo\/AF1QipNTNnTOc_mBecLMuJ3lGhwWukS0MD5H-IQRhUwS\">GALETES AMB MISSATGE<\/a><\/p>\n","protected":false},"excerpt":{"rendered":"<p>Els infants de P5 han acabat els tres cursos del cicle de petits. Aquest fet provoca alguns canvis que neguitegen, generen dubtes, sorgeixen preguntes&#8230; Per tal d&#8217;acompanyar aquest proc\u00e9s les mestres els hem proposat fer un projecte anomenat: PAS A PRIMER.<br \/>\nAquest projecte es duu a&hellip;  <a href=\"https:\/\/agora.xtec.cat\/esc-lasiniamolins\/portada\/projecte-pas-a-primer\/\" title=\"Read PROJECTE PAS A PRIMER\">Llegeix m\u00e9s\u00bb<\/a><\/p>\n","protected":false},"author":8,"featured_media":0,"comment_status":"open","ping_status":"closed","sticky":false,"template":"","format":"standard","meta":{"_bbp_topic_count":0,"_bbp_reply_count":0,"_bbp_total_topic_count":0,"_bbp_total_reply_count":0,"_bbp_voice_count":0,"_bbp_anonymous_reply_count":0,"_bbp_topic_count_hidden":0,"_bbp_reply_count_hidden":0,"_bbp_forum_subforum_count":0,"footnotes":""},"categories":[9,207,4],"tags":[202,284,86,91],"class_list":["post-2648","post","type-post","status-publish","format-standard","hentry","category-p5","category-petits","category-portada","tag-curs-22-23","tag-grocs-i-blaus","tag-p5","tag-projecte"],"post_mailing_queue_ids":[],"_links":{"self":[{"href":"https:\/\/agora.xtec.cat\/esc-lasiniamolins\/wp-json\/wp\/v2\/posts\/2648","targetHints":{"allow":["GET"]}}],"collection":[{"href":"https:\/\/agora.xtec.cat\/esc-lasiniamolins\/wp-json\/wp\/v2\/posts"}],"about":[{"href":"https:\/\/agora.xtec.cat\/esc-lasiniamolins\/wp-json\/wp\/v2\/types\/post"}],"author":[{"embeddable":true,"href":"https:\/\/agora.xtec.cat\/esc-lasiniamolins\/wp-json\/wp\/v2\/users\/8"}],"replies":[{"embeddable":true,"href":"https:\/\/agora.xtec.cat\/esc-lasiniamolins\/wp-json\/wp\/v2\/comments?post=2648"}],"version-history":[{"count":4,"href":"https:\/\/agora.xtec.cat\/esc-lasiniamolins\/wp-json\/wp\/v2\/posts\/2648\/revisions"}],"predecessor-version":[{"id":2655,"href":"https:\/\/agora.xtec.cat\/esc-lasiniamolins\/wp-json\/wp\/v2\/posts\/2648\/revisions\/2655"}],"wp:attachment":[{"href":"https:\/\/agora.xtec.cat\/esc-lasiniamolins\/wp-json\/wp\/v2\/media?parent=2648"}],"wp:term":[{"taxonomy":"category","embeddable":true,"href":"https:\/\/agora.xtec.cat\/esc-lasiniamolins\/wp-json\/wp\/v2\/categories?post=2648"},{"taxonomy":"post_tag","embeddable":true,"href":"https:\/\/agora.xtec.cat\/esc-lasiniamolins\/wp-json\/wp\/v2\/tags?post=2648"}],"curies":[{"name":"wp","href":"https:\/\/api.w.org\/{rel}","templated":true}]}}