{"id":2644,"date":"2023-06-21T19:28:12","date_gmt":"2023-06-21T17:28:12","guid":{"rendered":"https:\/\/agora.xtec.cat\/esc-lasiniamolins\/?p=2644"},"modified":"2023-06-21T19:29:22","modified_gmt":"2023-06-21T17:29:22","slug":"que-bonic-es-fer-psico-quan-ets-gran","status":"publish","type":"post","link":"https:\/\/agora.xtec.cat\/esc-lasiniamolins\/portada\/que-bonic-es-fer-psico-quan-ets-gran\/","title":{"rendered":"Que bonic \u00e9s fer PSICO quan ets gran!"},"content":{"rendered":"<p>Un altre curs els i les alumnes de 3r el Montcau hem pogut gaudir d&#8217;una sessi\u00f3 de psico, hem tornat a recordar vells jocs, din\u00e0miques, normes i sobretot ho hem donat tot! Que bonic \u00e9s fer PSICO quan ets gran!!<\/p>\n<p><a href=\"https:\/\/photos.app.goo.gl\/qfqByvDuccgKj8w58\">La PSICO ara i sempre!!<\/a><\/p>\n<p><iframe loading=\"lazy\" title=\"Sessi\u00f3 de psicomotricitat 3r el Montcau\" width=\"500\" height=\"281\" src=\"https:\/\/www.youtube.com\/embed\/QfPZtugrTpA?feature=oembed\" frameborder=\"0\" allow=\"accelerometer; autoplay; clipboard-write; encrypted-media; gyroscope; picture-in-picture; web-share\" referrerpolicy=\"strict-origin-when-cross-origin\" allowfullscreen><\/iframe><\/p>\n","protected":false},"excerpt":{"rendered":"<p>Un altre curs els i les alumnes de 3r el Montcau hem pogut gaudir d&#8217;una sessi\u00f3 de psico, hem tornat a recordar vells jocs, din\u00e0miques, normes i sobretot ho hem donat tot! Que bonic \u00e9s fer PSICO quan ets gran!!<br \/>\n<a href=\"https:\/\/photos.app.goo.gl\/qfqByvDuccgKj8w58\">La PSICO ara i sempre!!<\/a><\/p>\n","protected":false},"author":1,"featured_media":0,"comment_status":"open","ping_status":"closed","sticky":false,"template":"","format":"standard","meta":{"_bbp_topic_count":0,"_bbp_reply_count":0,"_bbp_total_topic_count":0,"_bbp_total_reply_count":0,"_bbp_voice_count":0,"_bbp_anonymous_reply_count":0,"_bbp_topic_count_hidden":0,"_bbp_reply_count_hidden":0,"_bbp_forum_subforum_count":0,"footnotes":""},"categories":[12,208,4],"tags":[64,202,66],"class_list":["post-2644","post","type-post","status-publish","format-standard","hentry","category-3r","category-mitjans","category-portada","tag-3r","tag-curs-22-23","tag-el-montcau"],"post_mailing_queue_ids":[],"_links":{"self":[{"href":"https:\/\/agora.xtec.cat\/esc-lasiniamolins\/wp-json\/wp\/v2\/posts\/2644","targetHints":{"allow":["GET"]}}],"collection":[{"href":"https:\/\/agora.xtec.cat\/esc-lasiniamolins\/wp-json\/wp\/v2\/posts"}],"about":[{"href":"https:\/\/agora.xtec.cat\/esc-lasiniamolins\/wp-json\/wp\/v2\/types\/post"}],"author":[{"embeddable":true,"href":"https:\/\/agora.xtec.cat\/esc-lasiniamolins\/wp-json\/wp\/v2\/users\/1"}],"replies":[{"embeddable":true,"href":"https:\/\/agora.xtec.cat\/esc-lasiniamolins\/wp-json\/wp\/v2\/comments?post=2644"}],"version-history":[{"count":3,"href":"https:\/\/agora.xtec.cat\/esc-lasiniamolins\/wp-json\/wp\/v2\/posts\/2644\/revisions"}],"predecessor-version":[{"id":2647,"href":"https:\/\/agora.xtec.cat\/esc-lasiniamolins\/wp-json\/wp\/v2\/posts\/2644\/revisions\/2647"}],"wp:attachment":[{"href":"https:\/\/agora.xtec.cat\/esc-lasiniamolins\/wp-json\/wp\/v2\/media?parent=2644"}],"wp:term":[{"taxonomy":"category","embeddable":true,"href":"https:\/\/agora.xtec.cat\/esc-lasiniamolins\/wp-json\/wp\/v2\/categories?post=2644"},{"taxonomy":"post_tag","embeddable":true,"href":"https:\/\/agora.xtec.cat\/esc-lasiniamolins\/wp-json\/wp\/v2\/tags?post=2644"}],"curies":[{"name":"wp","href":"https:\/\/api.w.org\/{rel}","templated":true}]}}