{"id":2639,"date":"2023-06-21T19:19:37","date_gmt":"2023-06-21T17:19:37","guid":{"rendered":"https:\/\/agora.xtec.cat\/esc-lasiniamolins\/?p=2639"},"modified":"2023-06-21T19:19:37","modified_gmt":"2023-06-21T17:19:37","slug":"el-meu-amic-el-sol","status":"publish","type":"post","link":"https:\/\/agora.xtec.cat\/esc-lasiniamolins\/portada\/el-meu-amic-el-sol\/","title":{"rendered":"El meu amic el sol"},"content":{"rendered":"<p>Els i les alumnes de 3r, hem dut a terme el nostre \u00faltim projecte anomenat &#8220;El meu amic el sol&#8221;.<\/p>\n<p>En aquest projecte hem observat el paisatge proper de la nostra comarca, on hem vist totes les vies de comunicaci\u00f3 que hi passen, les f\u00e0briques, construccions en mig de les nostres muntanyes, en canvi, hem observat pocs senyals de la utilitzaci\u00f3 de les energies renovables.<\/p>\n<p>Aqu\u00ed \u00e9s on ens hem fet preguntes i ens hem endinsat a saber-ne m\u00e9s coses, sobretot de l&#8217;energia solar i de les seves possibilitats. Hem visitat el CdA de Can Santoi, on hem descobert com fer electricitat, escalfar aigua i fins i tot hem cuinat unes pomes amb una cuina solar.<\/p>\n<p>Hem apr\u00e8s moltes coses interessants i hem vist que en el futur hem d&#8217;apostar m\u00e9s i millor per les energies renovables.<\/p>\n<p><a href=\"https:\/\/photos.app.goo.gl\/uE4te9p9eEU8GfRA8\" rel=\"attachment wp-att-2640\">Cliqueu sobre la imatge<img loading=\"lazy\" decoding=\"async\" class=\"aligncenter wp-image-2640 size-medium\" src=\"https:\/\/agora.xtec.cat\/esc-lasiniamolins\/wp-content\/uploads\/usu2018\/2023\/06\/IMG_3280-300x225.jpg\" alt=\"\" width=\"300\" height=\"225\" srcset=\"https:\/\/agora.xtec.cat\/esc-lasiniamolins\/wp-content\/uploads\/usu2018\/2023\/06\/IMG_3280-300x225.jpg 300w, https:\/\/agora.xtec.cat\/esc-lasiniamolins\/wp-content\/uploads\/usu2018\/2023\/06\/IMG_3280-200x150.jpg 200w, https:\/\/agora.xtec.cat\/esc-lasiniamolins\/wp-content\/uploads\/usu2018\/2023\/06\/IMG_3280.jpg 768w\" sizes=\"auto, (max-width: 300px) 100vw, 300px\" \/><\/a><\/p>\n","protected":false},"excerpt":{"rendered":"<p>Els i les alumnes de 3r, hem dut a terme el nostre \u00faltim projecte anomenat &#8220;El meu amic el sol&#8221;.<br \/>\nEn aquest projecte hem observat el paisatge proper de la nostra comarca, on hem vist totes les vies de comunicaci\u00f3 que hi passen, les f\u00e0briques, construccions&hellip;  <a href=\"https:\/\/agora.xtec.cat\/esc-lasiniamolins\/portada\/el-meu-amic-el-sol\/\" title=\"Read El meu amic el sol\">Llegeix m\u00e9s\u00bb<\/a><\/p>\n","protected":false},"author":1,"featured_media":0,"comment_status":"open","ping_status":"closed","sticky":false,"template":"","format":"standard","meta":{"_bbp_topic_count":0,"_bbp_reply_count":0,"_bbp_total_topic_count":0,"_bbp_total_reply_count":0,"_bbp_voice_count":0,"_bbp_anonymous_reply_count":0,"_bbp_topic_count_hidden":0,"_bbp_reply_count_hidden":0,"_bbp_forum_subforum_count":0,"footnotes":""},"categories":[12,208,4],"tags":[64,202,91],"class_list":["post-2639","post","type-post","status-publish","format-standard","hentry","category-3r","category-mitjans","category-portada","tag-3r","tag-curs-22-23","tag-projecte"],"post_mailing_queue_ids":[],"_links":{"self":[{"href":"https:\/\/agora.xtec.cat\/esc-lasiniamolins\/wp-json\/wp\/v2\/posts\/2639","targetHints":{"allow":["GET"]}}],"collection":[{"href":"https:\/\/agora.xtec.cat\/esc-lasiniamolins\/wp-json\/wp\/v2\/posts"}],"about":[{"href":"https:\/\/agora.xtec.cat\/esc-lasiniamolins\/wp-json\/wp\/v2\/types\/post"}],"author":[{"embeddable":true,"href":"https:\/\/agora.xtec.cat\/esc-lasiniamolins\/wp-json\/wp\/v2\/users\/1"}],"replies":[{"embeddable":true,"href":"https:\/\/agora.xtec.cat\/esc-lasiniamolins\/wp-json\/wp\/v2\/comments?post=2639"}],"version-history":[{"count":3,"href":"https:\/\/agora.xtec.cat\/esc-lasiniamolins\/wp-json\/wp\/v2\/posts\/2639\/revisions"}],"predecessor-version":[{"id":2643,"href":"https:\/\/agora.xtec.cat\/esc-lasiniamolins\/wp-json\/wp\/v2\/posts\/2639\/revisions\/2643"}],"wp:attachment":[{"href":"https:\/\/agora.xtec.cat\/esc-lasiniamolins\/wp-json\/wp\/v2\/media?parent=2639"}],"wp:term":[{"taxonomy":"category","embeddable":true,"href":"https:\/\/agora.xtec.cat\/esc-lasiniamolins\/wp-json\/wp\/v2\/categories?post=2639"},{"taxonomy":"post_tag","embeddable":true,"href":"https:\/\/agora.xtec.cat\/esc-lasiniamolins\/wp-json\/wp\/v2\/tags?post=2639"}],"curies":[{"name":"wp","href":"https:\/\/api.w.org\/{rel}","templated":true}]}}