{"id":2549,"date":"2023-06-06T11:45:56","date_gmt":"2023-06-06T09:45:56","guid":{"rendered":"https:\/\/agora.xtec.cat\/esc-lasiniamolins\/?p=2549"},"modified":"2023-06-06T11:45:56","modified_gmt":"2023-06-06T09:45:56","slug":"4t-aprenem-de-la-ma-del-cda-can-santoi","status":"publish","type":"post","link":"https:\/\/agora.xtec.cat\/esc-lasiniamolins\/general\/4t-aprenem-de-la-ma-del-cda-can-santoi\/","title":{"rendered":"4T APRENEM DE LA M\u00c0 DEL CDA CAN SANTOI"},"content":{"rendered":"<p>El projecte del riu Llobregat \u00e9s un projecte que no podr\u00edem fer sense l&#8217;acompanyament dels professors del CDA Can Santoi: Engr\u00e0cia, Miquel i Jairo. Ells tenen els coneixements i les eines que ens han perm\u00e8s observar i analitzar el riu des d&#8217;una perspectiva cient\u00edfica.<\/p>\n<p>Estem segurs que quan passegeu junts per la vora del riu que tenim tan a prop, els infants de Cavall Bernat i Sant Jeroni us explicaran molts detalls sobre l&#8217;ecosistema que envolta el riu, us parlaran del seu curs, de la seva llera, dels macroinvertebrats, de l&#8217;impacte antr\u00f2pic, del cabal, del bosc de ribera i de mil i un conceptes que hem incorporat al nostre vocabulari gr\u00e0cies als dos dies que hem gaudit de la seva companyia.<\/p>\n<p>A la seva p\u00e0gina web han fet refer\u00e8ncia a les nostres visites, us les enllacem aqu\u00ed:<\/p>\n<blockquote class=\"wp-embedded-content\" data-secret=\"P9H18Yc5Np\"><p><a href=\"https:\/\/serveiseducatius.xtec.cat\/cda-cansantoi\/general\/sant-jeroni-i-el-cavall-bernat-es-mullen-pel-projecte-llobregat\/\">&#8220;Sant Jeroni&#8221; i el &#8220;Cavall Bernat&#8221; es mullen pel Projecte Llobregat<\/a><\/p><\/blockquote>\n<p><iframe loading=\"lazy\" class=\"wp-embedded-content\" sandbox=\"allow-scripts\" security=\"restricted\" style=\"position: absolute; clip: rect(1px, 1px, 1px, 1px);\" title=\"&#8220;&#8220;Sant Jeroni&#8221; i el &#8220;Cavall Bernat&#8221; es mullen pel Projecte Llobregat&#8221; &#8212; CdA Can Santoi\" src=\"https:\/\/serveiseducatius.xtec.cat\/cda-cansantoi\/general\/sant-jeroni-i-el-cavall-bernat-es-mullen-pel-projecte-llobregat\/embed\/#?secret=WabB848CKc#?secret=P9H18Yc5Np\" data-secret=\"P9H18Yc5Np\" width=\"500\" height=\"282\" frameborder=\"0\" marginwidth=\"0\" marginheight=\"0\" scrolling=\"no\"><\/iframe><\/p>\n<p>&nbsp;<\/p>\n<blockquote class=\"wp-embedded-content\" data-secret=\"TQAo7GCMsR\"><p><a href=\"https:\/\/serveiseducatius.xtec.cat\/cda-cansantoi\/general\/cims-emblematics-de-quart-sacomiaden-del-riu-llobregat\/\">Cims emblem\u00e0tics de quart s&#8217;acomiaden del riu Llobregat<\/a><\/p><\/blockquote>\n<p><iframe loading=\"lazy\" class=\"wp-embedded-content\" sandbox=\"allow-scripts\" security=\"restricted\" style=\"position: absolute; clip: rect(1px, 1px, 1px, 1px);\" title=\"&#8220;Cims emblem\u00e0tics de quart s&#8217;acomiaden del riu Llobregat&#8221; &#8212; CdA Can Santoi\" src=\"https:\/\/serveiseducatius.xtec.cat\/cda-cansantoi\/general\/cims-emblematics-de-quart-sacomiaden-del-riu-llobregat\/embed\/#?secret=ow2a6CZhkw#?secret=TQAo7GCMsR\" data-secret=\"TQAo7GCMsR\" width=\"500\" height=\"282\" frameborder=\"0\" marginwidth=\"0\" marginheight=\"0\" scrolling=\"no\"><\/iframe><\/p>\n","protected":false},"excerpt":{"rendered":"<p>El projecte del riu Llobregat \u00e9s un projecte que no podr\u00edem fer sense l&#8217;acompanyament dels professors del CDA Can Santoi: Engr\u00e0cia, Miquel i Jairo. Ells tenen els coneixements i les eines que ens han perm\u00e8s observar i analitzar el riu des d&#8217;una perspectiva cient\u00edfica.<br \/>\nEstem segurs&hellip;  <a href=\"https:\/\/agora.xtec.cat\/esc-lasiniamolins\/general\/4t-aprenem-de-la-ma-del-cda-can-santoi\/\" title=\"Read 4T APRENEM DE LA M\u00c0 DEL CDA CAN SANTOI\">Llegeix m\u00e9s\u00bb<\/a><\/p>\n","protected":false},"author":1,"featured_media":0,"comment_status":"open","ping_status":"closed","sticky":false,"template":"","format":"standard","meta":{"_bbp_topic_count":0,"_bbp_reply_count":0,"_bbp_total_topic_count":0,"_bbp_total_reply_count":0,"_bbp_voice_count":0,"_bbp_anonymous_reply_count":0,"_bbp_topic_count_hidden":0,"_bbp_reply_count_hidden":0,"_bbp_forum_subforum_count":0,"footnotes":""},"categories":[13,209,4,1],"tags":[60,202,226,91,250,376],"class_list":["post-2549","post","type-post","status-publish","format-standard","hentry","category-4t","category-grans","category-portada","category-general","tag-4t","tag-curs-22-23","tag-grans","tag-projecte","tag-quart","tag-riu"],"post_mailing_queue_ids":[],"_links":{"self":[{"href":"https:\/\/agora.xtec.cat\/esc-lasiniamolins\/wp-json\/wp\/v2\/posts\/2549","targetHints":{"allow":["GET"]}}],"collection":[{"href":"https:\/\/agora.xtec.cat\/esc-lasiniamolins\/wp-json\/wp\/v2\/posts"}],"about":[{"href":"https:\/\/agora.xtec.cat\/esc-lasiniamolins\/wp-json\/wp\/v2\/types\/post"}],"author":[{"embeddable":true,"href":"https:\/\/agora.xtec.cat\/esc-lasiniamolins\/wp-json\/wp\/v2\/users\/1"}],"replies":[{"embeddable":true,"href":"https:\/\/agora.xtec.cat\/esc-lasiniamolins\/wp-json\/wp\/v2\/comments?post=2549"}],"version-history":[{"count":1,"href":"https:\/\/agora.xtec.cat\/esc-lasiniamolins\/wp-json\/wp\/v2\/posts\/2549\/revisions"}],"predecessor-version":[{"id":2550,"href":"https:\/\/agora.xtec.cat\/esc-lasiniamolins\/wp-json\/wp\/v2\/posts\/2549\/revisions\/2550"}],"wp:attachment":[{"href":"https:\/\/agora.xtec.cat\/esc-lasiniamolins\/wp-json\/wp\/v2\/media?parent=2549"}],"wp:term":[{"taxonomy":"category","embeddable":true,"href":"https:\/\/agora.xtec.cat\/esc-lasiniamolins\/wp-json\/wp\/v2\/categories?post=2549"},{"taxonomy":"post_tag","embeddable":true,"href":"https:\/\/agora.xtec.cat\/esc-lasiniamolins\/wp-json\/wp\/v2\/tags?post=2549"}],"curies":[{"name":"wp","href":"https:\/\/api.w.org\/{rel}","templated":true}]}}