{"id":2528,"date":"2023-06-14T19:03:23","date_gmt":"2023-06-14T17:03:23","guid":{"rendered":"https:\/\/agora.xtec.cat\/esc-lasiniamolins\/?p=2528"},"modified":"2023-06-14T19:03:23","modified_gmt":"2023-06-14T17:03:23","slug":"vet-aqui-una-vegada","status":"publish","type":"post","link":"https:\/\/agora.xtec.cat\/esc-lasiniamolins\/general\/petits\/p3\/vet-aqui-una-vegada\/","title":{"rendered":"VET AQU\u00cd UNA VEGADA\u2026"},"content":{"rendered":"<p>Encetem l&#8217;\u00faltim trimestre i el m\u00e9s art\u00edstic i literari. Aix\u00ed que els Verds i els Taronges no hem volgut deixar passar aquesta oportunitat per endinsar-nos en el fascinant m\u00f3n dels contes.<\/p>\n<p><span style=\"font-weight: 400;\">Com a objectiu en aquest projecte ens hem proposat, escriure i il\u00b7lustrar el nostre propi conte.<\/span><\/p>\n<p><span style=\"font-weight: 400;\">Per aix\u00f2 durant molts dies:<\/span><\/p>\n<ul>\n<li style=\"font-weight: 400;\"><span style=\"font-weight: 400;\">Hem gaudit amb l\u2019escolta activa de contes.<\/span><\/li>\n<li style=\"font-weight: 400;\"><span style=\"font-weight: 400;\">Ens hem fixat com s\u00f3n les il\u00b7lustracions.<\/span><\/li>\n<li style=\"font-weight: 400;\"><span style=\"font-weight: 400;\">Hem provat d\u2019escriure paraules amb ploma i tinta.<\/span><\/li>\n<li style=\"font-weight: 400;\"><span style=\"font-weight: 400;\">Hem teclejat les lletres amb una m\u00e0quina d&#8217;escriure antiga.<\/span><\/li>\n<li style=\"font-weight: 400;\"><span style=\"font-weight: 400;\">Per\u00f2 sobretot, hem fet volar la imaginaci\u00f3 inventant l\u2019argument d\u2019un conte a partir de la rutina principi-mig-final.<\/span><\/li>\n<\/ul>\n<p><span style=\"font-weight: 400;\">ENGEGUEM EL PROJECTE\u2026<\/span><\/p>\n<p><span style=\"font-weight: 400;\">Apareix a la classe una caixa tancada sobre una taula, amb una llumeta i una m\u00e0quina d\u2019escriure.<\/span><\/p>\n<p><span style=\"font-weight: 400;\">Dins la caixa i trobem un llibre en blanc. A partir d\u2019aqu\u00ed engresquem als infants a escriure el seu propi conte.\u00a0<\/span><\/p>\n<p><span style=\"font-weight: 400;\">Els hi proposarem fer equips de treball on hauran de desenvolupar el rol d\u2019escriptor i el d\u2019il\u00b7lustrador.<\/span><\/p>\n<p><a href=\"https:\/\/photos.app.goo.gl\/joLtYtNDwv9X6iD1A\"><img loading=\"lazy\" decoding=\"async\" class=\"alignnone size-large\" src=\"https:\/\/lh3.googleusercontent.com\/pw\/AJFCJaXgmfuOewhjC8RSqjP6aRo-iFnTF2xOWqpNnqZWL51swGLthY9MC6mO0sneCB0cFVt0FdBRREK9TfOLB2isq-BVtz_l4edA58IAoS9DRgKS9-nw9H44VLy7FbEWo2UltruSOVbndIWxUk_xN0CbRsxJ=w1154-h866-s-no?authuser=2\" width=\"1154\" height=\"866\" \/><\/a><\/p>\n<p><span style=\"font-weight: 400;\">Arribats aqu\u00ed, nom\u00e9s caldr\u00e0 enfilar l\u2019agulla i comen\u00e7ar a deixar volar la imaginaci\u00f3.<\/span><\/p>\n<p><span style=\"font-weight: 400;\">A cada sessi\u00f3 apareixer\u00e0 una capsa amb dos personatges i un espai on succeeix l&#8217;acci\u00f3. Aquests elements ajudaran a pensar una hist\u00f2ria: situar-la en un lloc i pensar que els hi passa a aquests personatges.<\/span><\/p>\n<p><a href=\"https:\/\/photos.app.goo.gl\/1ZsxoBhbqQ43xMSP6\"><img loading=\"lazy\" decoding=\"async\" class=\"alignnone size-large\" src=\"https:\/\/lh3.googleusercontent.com\/pw\/AJFCJaX5Omf2zDMYCHnouo4P3sYIg1znIeHxQMFE_DLJFHav32nu2LSpIdIyyXGgu_OXZQUCk44VIMR9nyGpzup-bkbCeaejOVh5W1rRa2RTCflKCd4ZpqLAaUNwVXoq4EhYvk5PJ7CL5lvWoQ9RCKSzLF-9=w1217-h914-s-no?authuser=0\" width=\"1217\" height=\"914\" \/><\/a><\/p>\n<p><span style=\"font-weight: 400;\">El seg\u00fcent pas, despr\u00e9s de fer la hist\u00f2ria, \u00e9s pensar un t\u00edtol i dibuixar les il\u00b7lustracions que acompanyaran al text.<\/span><\/p>\n<p><a href=\"https:\/\/photos.app.goo.gl\/USPVxumkVhQnPPtm8\"><img loading=\"lazy\" decoding=\"async\" class=\"alignnone size-large\" src=\"https:\/\/lh3.googleusercontent.com\/pw\/AJFCJaWBqSb-8wOd578LxU4hmvwrEWM-Kq3R7A5KaqegmogECNx-zBjsMhbg39cYG3CK5_dJezoSqNDpQMcJ4ba5dCS1Up8WPbvPCdNm_bzNsuCIn7sOI9fXmPWJGM42JX6HDoheWywEt_eA2zb3mXqguERj=w1217-h914-s-no?authuser=0\" width=\"1217\" height=\"914\" \/><\/a><\/p>\n<p>&nbsp;<\/p>\n<p><span style=\"font-weight: 400;\">I per finalitzar cal maquetar el conte i fer diferents exemplars perqu\u00e8 cada infant tingui una c\u00f2pia. Aix\u00ed que hem demanat ajuda a la Montse.<\/span><\/p>\n<p><a href=\"https:\/\/photos.app.goo.gl\/bkCZgVauXG2ZYPe89\"><img loading=\"lazy\" decoding=\"async\" class=\"alignnone size-large\" src=\"https:\/\/lh3.googleusercontent.com\/pw\/AJFCJaWkQvcNa27LfobN347amyywWCFgdxvk2n4x3pz7UYFE2S3xWhFiskBd2-0kBE86n3iLyEse9NnmmC0q4whadF89GS7zZWUVCjMmVw5r3TDIe6jxm-AfyqdgBEr-PeEnvWVMH8QxuyW_AJtxR3Sdj10y=w1154-h866-s-no?authuser=2\" width=\"1154\" height=\"866\" \/><\/a><\/p>\n<p>I conte, contat ja s&#8217;ha acabat&#8230;<\/p>\n","protected":false},"excerpt":{"rendered":"<p>Encetem l&#8217;\u00faltim trimestre i el m\u00e9s art\u00edstic i literari. Aix\u00ed que els Verds i els Taronges no hem volgut deixar passar aquesta oportunitat per endinsar-nos en el fascinant m\u00f3n dels contes.<br \/>\nCom a objectiu en aquest projecte ens hem proposat, escriure i il\u00b7lustrar el nostre propi&hellip;  <a href=\"https:\/\/agora.xtec.cat\/esc-lasiniamolins\/general\/petits\/p3\/vet-aqui-una-vegada\/\" title=\"Read VET AQU\u00cd UNA VEGADA\u2026\">Llegeix m\u00e9s\u00bb<\/a><\/p>\n","protected":false},"author":8,"featured_media":0,"comment_status":"open","ping_status":"closed","sticky":false,"template":"","format":"standard","meta":{"_bbp_topic_count":0,"_bbp_reply_count":0,"_bbp_total_topic_count":0,"_bbp_total_reply_count":0,"_bbp_voice_count":0,"_bbp_anonymous_reply_count":0,"_bbp_topic_count_hidden":0,"_bbp_reply_count_hidden":0,"_bbp_forum_subforum_count":0,"footnotes":""},"categories":[3,207,4],"tags":[202,80,238],"class_list":["post-2528","post","type-post","status-publish","format-standard","hentry","category-p3","category-petits","category-portada","tag-curs-22-23","tag-projectes","tag-verds-i-taronges"],"post_mailing_queue_ids":[],"_links":{"self":[{"href":"https:\/\/agora.xtec.cat\/esc-lasiniamolins\/wp-json\/wp\/v2\/posts\/2528","targetHints":{"allow":["GET"]}}],"collection":[{"href":"https:\/\/agora.xtec.cat\/esc-lasiniamolins\/wp-json\/wp\/v2\/posts"}],"about":[{"href":"https:\/\/agora.xtec.cat\/esc-lasiniamolins\/wp-json\/wp\/v2\/types\/post"}],"author":[{"embeddable":true,"href":"https:\/\/agora.xtec.cat\/esc-lasiniamolins\/wp-json\/wp\/v2\/users\/8"}],"replies":[{"embeddable":true,"href":"https:\/\/agora.xtec.cat\/esc-lasiniamolins\/wp-json\/wp\/v2\/comments?post=2528"}],"version-history":[{"count":3,"href":"https:\/\/agora.xtec.cat\/esc-lasiniamolins\/wp-json\/wp\/v2\/posts\/2528\/revisions"}],"predecessor-version":[{"id":2580,"href":"https:\/\/agora.xtec.cat\/esc-lasiniamolins\/wp-json\/wp\/v2\/posts\/2528\/revisions\/2580"}],"wp:attachment":[{"href":"https:\/\/agora.xtec.cat\/esc-lasiniamolins\/wp-json\/wp\/v2\/media?parent=2528"}],"wp:term":[{"taxonomy":"category","embeddable":true,"href":"https:\/\/agora.xtec.cat\/esc-lasiniamolins\/wp-json\/wp\/v2\/categories?post=2528"},{"taxonomy":"post_tag","embeddable":true,"href":"https:\/\/agora.xtec.cat\/esc-lasiniamolins\/wp-json\/wp\/v2\/tags?post=2528"}],"curies":[{"name":"wp","href":"https:\/\/api.w.org\/{rel}","templated":true}]}}