{"id":2478,"date":"2023-06-14T11:14:06","date_gmt":"2023-06-14T09:14:06","guid":{"rendered":"https:\/\/agora.xtec.cat\/esc-lasiniamolins\/?p=2478"},"modified":"2023-06-14T18:39:02","modified_gmt":"2023-06-14T16:39:02","slug":"colonies-p5-capita-nemo-a-mas-den-pedro","status":"publish","type":"post","link":"https:\/\/agora.xtec.cat\/esc-lasiniamolins\/portada\/colonies-p5-capita-nemo-a-mas-den-pedro\/","title":{"rendered":"Col\u00f2nies P5 Capit\u00e0 Nemo a Mas d&#8217;en Pedro"},"content":{"rendered":"<p>Els nens i nens de P5 Blaus i Grocs, els dies 2 i 3 de maig vam anar de col\u00f2nies a Mas d&#8217;en Pedro, Cubelles.<\/p>\n<p>Ten\u00edem com a objectiu ajudar al Capit\u00e0 Nemo a trobar les claus del Nautilus, el seu submar\u00ed.<\/p>\n<p>All\u00e0 vam fer diferents activitats, imans i tamb\u00e9 vam anar a la platja a veure si trob\u00e0vem les claus del Nautilus i sabeu qu\u00e8? vam haver de fer una batuda per la sorra fins que vam trobar la clau. Despr\u00e9s ens vam mullar els peus, vam jugar amb els cubells i pales a la sorra i vam fer volar estels, va ser molt divertit!<\/p>\n<p>Quan vam arribar a la casa vam anar a portar la clau al Capit\u00e0 Nemo i vam poder entrar a dins del Nautilus i vam trobar una carta que ens deia que a la nit hav\u00edem d&#8217;ajudar-lo a trobar un tresor.<\/p>\n<p>Vam dormir tots i totes molt b\u00e9 i al dia seg\u00fcent, vam recollir les habitacions i vam esmorzar tots plegats, i tot seguit vam fer una gimcana per descobrir els animals del mar.<\/p>\n<p>Vam gaudir molt\u00a0 i ens ho vam passar s\u00faper b\u00e9 tots plegats!<\/p>\n<p>Cliqueu sobre la imatge i gaudiu de totes les fotos.<\/p>\n<p><a href=\"https:\/\/photos.app.goo.gl\/MLnBveQEWA12SsHMA\"><img loading=\"lazy\" decoding=\"async\" class=\"aligncenter wp-image-2482\" src=\"https:\/\/agora.xtec.cat\/esc-lasiniamolins\/wp-content\/uploads\/usu2018\/2023\/05\/WhatsApp-Image-2023-05-15-at-13.13.05.jpeg\" alt=\"\" width=\"276\" height=\"368\" srcset=\"https:\/\/agora.xtec.cat\/esc-lasiniamolins\/wp-content\/uploads\/usu2018\/2023\/05\/WhatsApp-Image-2023-05-15-at-13.13.05.jpeg 1200w, https:\/\/agora.xtec.cat\/esc-lasiniamolins\/wp-content\/uploads\/usu2018\/2023\/05\/WhatsApp-Image-2023-05-15-at-13.13.05-225x300.jpeg 225w, https:\/\/agora.xtec.cat\/esc-lasiniamolins\/wp-content\/uploads\/usu2018\/2023\/05\/WhatsApp-Image-2023-05-15-at-13.13.05-768x1024.jpeg 768w, https:\/\/agora.xtec.cat\/esc-lasiniamolins\/wp-content\/uploads\/usu2018\/2023\/05\/WhatsApp-Image-2023-05-15-at-13.13.05-1152x1536.jpeg 1152w\" sizes=\"auto, (max-width: 276px) 100vw, 276px\" \/><\/a><\/p>\n","protected":false},"excerpt":{"rendered":"<p>Els nens i nens de P5 Blaus i Grocs, els dies 2 i 3 de maig vam anar de col\u00f2nies a Mas d&#8217;en Pedro, Cubelles.<br \/>\nTen\u00edem com a objectiu ajudar al Capit\u00e0 Nemo a trobar les claus del Nautilus, el seu submar\u00ed.<br \/>\nAll\u00e0 vam fer diferents activitats,&hellip;  <a href=\"https:\/\/agora.xtec.cat\/esc-lasiniamolins\/portada\/colonies-p5-capita-nemo-a-mas-den-pedro\/\" title=\"Read Col\u00f2nies P5 Capit\u00e0 Nemo a Mas d&#8217;en Pedro\">Llegeix m\u00e9s\u00bb<\/a><\/p>\n","protected":false},"author":8,"featured_media":0,"comment_status":"open","ping_status":"closed","sticky":false,"template":"","format":"standard","meta":{"_bbp_topic_count":0,"_bbp_reply_count":0,"_bbp_total_topic_count":0,"_bbp_total_reply_count":0,"_bbp_voice_count":0,"_bbp_anonymous_reply_count":0,"_bbp_topic_count_hidden":0,"_bbp_reply_count_hidden":0,"_bbp_forum_subforum_count":0,"footnotes":""},"categories":[9,207,4],"tags":[384,202,284],"class_list":["post-2478","post","type-post","status-publish","format-standard","hentry","category-p5","category-petits","category-portada","tag-colonies-p5","tag-curs-22-23","tag-grocs-i-blaus"],"post_mailing_queue_ids":[],"_links":{"self":[{"href":"https:\/\/agora.xtec.cat\/esc-lasiniamolins\/wp-json\/wp\/v2\/posts\/2478","targetHints":{"allow":["GET"]}}],"collection":[{"href":"https:\/\/agora.xtec.cat\/esc-lasiniamolins\/wp-json\/wp\/v2\/posts"}],"about":[{"href":"https:\/\/agora.xtec.cat\/esc-lasiniamolins\/wp-json\/wp\/v2\/types\/post"}],"author":[{"embeddable":true,"href":"https:\/\/agora.xtec.cat\/esc-lasiniamolins\/wp-json\/wp\/v2\/users\/8"}],"replies":[{"embeddable":true,"href":"https:\/\/agora.xtec.cat\/esc-lasiniamolins\/wp-json\/wp\/v2\/comments?post=2478"}],"version-history":[{"count":4,"href":"https:\/\/agora.xtec.cat\/esc-lasiniamolins\/wp-json\/wp\/v2\/posts\/2478\/revisions"}],"predecessor-version":[{"id":2578,"href":"https:\/\/agora.xtec.cat\/esc-lasiniamolins\/wp-json\/wp\/v2\/posts\/2478\/revisions\/2578"}],"wp:attachment":[{"href":"https:\/\/agora.xtec.cat\/esc-lasiniamolins\/wp-json\/wp\/v2\/media?parent=2478"}],"wp:term":[{"taxonomy":"category","embeddable":true,"href":"https:\/\/agora.xtec.cat\/esc-lasiniamolins\/wp-json\/wp\/v2\/categories?post=2478"},{"taxonomy":"post_tag","embeddable":true,"href":"https:\/\/agora.xtec.cat\/esc-lasiniamolins\/wp-json\/wp\/v2\/tags?post=2478"}],"curies":[{"name":"wp","href":"https:\/\/api.w.org\/{rel}","templated":true}]}}