{"id":2439,"date":"2023-05-08T09:59:49","date_gmt":"2023-05-08T07:59:49","guid":{"rendered":"https:\/\/agora.xtec.cat\/esc-lasiniamolins\/?p=2439"},"modified":"2023-05-08T09:59:49","modified_gmt":"2023-05-08T07:59:49","slug":"projecte-poeta-juganer","status":"publish","type":"post","link":"https:\/\/agora.xtec.cat\/esc-lasiniamolins\/portada\/projecte-poeta-juganer\/","title":{"rendered":"Projecte poeta juganer"},"content":{"rendered":"<p><span style=\"font-weight: 400;\">Per comen\u00e7ar el tercer trimestre els cursos de 6\u00e8 de prim\u00e0ria vam anar d&#8217;excursi\u00f3 a Horta a veure el Poema visual transitable en tres temps de l&#8217;autor Joan Brossa. Aquest autor ha sigut el referent del qual ha partit el nostre projecte i sobre el qual ens hem inspirat per dur a terme els nostres productes finals.<\/span><\/p>\n<p><span style=\"font-weight: 400;\">Abans de fer els nostres poemes vam con\u00e8ixer la vida de l&#8217;autor per aix\u00ed entendre la intenci\u00f3 de les seves obres. A m\u00e9s a m\u00e9s, per poder fer les nostres creacions vam explorar les diferents maneres que en Brossa tenia d&#8217;expressar les seves idees; representacions en pla i representacions en volum.<\/span><\/p>\n<p><span style=\"font-weight: 400;\">Al llarg d&#8217;aquestes tres setmanes que ha durat el projecte hem treballat en la construcci\u00f3 dels nostres poemes visuals i corporis posant en joc tot all\u00f2 que vam aprendre en relaci\u00f3 amb Joan Brossa.<\/span><\/p>\n<p><span style=\"font-weight: 400;\">Ha costat entendre la manera d&#8217;expressar de l&#8217;autor i adaptar-nos a ella per a fer les nostres creacions. Per\u00f2, malgrat aix\u00f2 i despr\u00e9s de diferents intents, hem aconseguit apropar-nos a ell i a la seva manera de crear i transmetre. Hem expressat les nostres idees a trav\u00e9s de la poesia tal com ell ho feia i hem muntat una exposici\u00f3 com a recull final de tot el projecte.<\/span><\/p>\n<p data-wp-editing=\"1\"><img loading=\"lazy\" decoding=\"async\" class=\"aligncenter wp-image-2442 size-large\" src=\"https:\/\/agora.xtec.cat\/esc-lasiniamolins\/wp-content\/uploads\/usu2018\/2023\/05\/unnamed-768x1024.jpg\" alt=\"\" width=\"768\" height=\"1024\" srcset=\"https:\/\/agora.xtec.cat\/esc-lasiniamolins\/wp-content\/uploads\/usu2018\/2023\/05\/unnamed-768x1024.jpg 768w, https:\/\/agora.xtec.cat\/esc-lasiniamolins\/wp-content\/uploads\/usu2018\/2023\/05\/unnamed-225x300.jpg 225w, https:\/\/agora.xtec.cat\/esc-lasiniamolins\/wp-content\/uploads\/usu2018\/2023\/05\/unnamed.jpg 960w\" sizes=\"auto, (max-width: 768px) 100vw, 768px\" \/><\/p>\n","protected":false},"excerpt":{"rendered":"<p>Per comen\u00e7ar el tercer trimestre els cursos de 6\u00e8 de prim\u00e0ria vam anar d&#8217;excursi\u00f3 a Horta a veure el Poema visual transitable en tres temps de l&#8217;autor Joan Brossa. Aquest autor ha sigut el referent del qual ha partit el nostre projecte i sobre el&hellip;  <a href=\"https:\/\/agora.xtec.cat\/esc-lasiniamolins\/portada\/projecte-poeta-juganer\/\" title=\"Read Projecte poeta juganer\">Llegeix m\u00e9s\u00bb<\/a><\/p>\n","protected":false},"author":8,"featured_media":0,"comment_status":"open","ping_status":"closed","sticky":false,"template":"","format":"standard","meta":{"_bbp_topic_count":0,"_bbp_reply_count":0,"_bbp_total_topic_count":0,"_bbp_total_reply_count":0,"_bbp_voice_count":0,"_bbp_anonymous_reply_count":0,"_bbp_topic_count_hidden":0,"_bbp_reply_count_hidden":0,"_bbp_forum_subforum_count":0,"footnotes":""},"categories":[15,209,4],"tags":[68,202,80],"class_list":["post-2439","post","type-post","status-publish","format-standard","hentry","category-6e","category-grans","category-portada","tag-6e","tag-curs-22-23","tag-projectes"],"post_mailing_queue_ids":[],"_links":{"self":[{"href":"https:\/\/agora.xtec.cat\/esc-lasiniamolins\/wp-json\/wp\/v2\/posts\/2439","targetHints":{"allow":["GET"]}}],"collection":[{"href":"https:\/\/agora.xtec.cat\/esc-lasiniamolins\/wp-json\/wp\/v2\/posts"}],"about":[{"href":"https:\/\/agora.xtec.cat\/esc-lasiniamolins\/wp-json\/wp\/v2\/types\/post"}],"author":[{"embeddable":true,"href":"https:\/\/agora.xtec.cat\/esc-lasiniamolins\/wp-json\/wp\/v2\/users\/8"}],"replies":[{"embeddable":true,"href":"https:\/\/agora.xtec.cat\/esc-lasiniamolins\/wp-json\/wp\/v2\/comments?post=2439"}],"version-history":[{"count":3,"href":"https:\/\/agora.xtec.cat\/esc-lasiniamolins\/wp-json\/wp\/v2\/posts\/2439\/revisions"}],"predecessor-version":[{"id":2451,"href":"https:\/\/agora.xtec.cat\/esc-lasiniamolins\/wp-json\/wp\/v2\/posts\/2439\/revisions\/2451"}],"wp:attachment":[{"href":"https:\/\/agora.xtec.cat\/esc-lasiniamolins\/wp-json\/wp\/v2\/media?parent=2439"}],"wp:term":[{"taxonomy":"category","embeddable":true,"href":"https:\/\/agora.xtec.cat\/esc-lasiniamolins\/wp-json\/wp\/v2\/categories?post=2439"},{"taxonomy":"post_tag","embeddable":true,"href":"https:\/\/agora.xtec.cat\/esc-lasiniamolins\/wp-json\/wp\/v2\/tags?post=2439"}],"curies":[{"name":"wp","href":"https:\/\/api.w.org\/{rel}","templated":true}]}}