{"id":2404,"date":"2023-04-25T10:40:45","date_gmt":"2023-04-25T08:40:45","guid":{"rendered":"https:\/\/agora.xtec.cat\/esc-lasiniamolins\/?p=2404"},"modified":"2023-04-25T10:40:45","modified_gmt":"2023-04-25T08:40:45","slug":"a-5e-regalem-poemes-a-i5","status":"publish","type":"post","link":"https:\/\/agora.xtec.cat\/esc-lasiniamolins\/portada\/a-5e-regalem-poemes-a-i5\/","title":{"rendered":"A 5\u00e8 regalem poemes a I5"},"content":{"rendered":"<p><img loading=\"lazy\" decoding=\"async\" class=\"aligncenter wp-image-2411 size-full\" src=\"https:\/\/agora.xtec.cat\/esc-lasiniamolins\/wp-content\/uploads\/usu2018\/2023\/04\/portada3.jpg\" alt=\"\" width=\"875\" height=\"581\" srcset=\"https:\/\/agora.xtec.cat\/esc-lasiniamolins\/wp-content\/uploads\/usu2018\/2023\/04\/portada3.jpg 875w, https:\/\/agora.xtec.cat\/esc-lasiniamolins\/wp-content\/uploads\/usu2018\/2023\/04\/portada3-300x199.jpg 300w, https:\/\/agora.xtec.cat\/esc-lasiniamolins\/wp-content\/uploads\/usu2018\/2023\/04\/portada3-768x510.jpg 768w\" sizes=\"auto, (max-width: 875px) 100vw, 875px\" \/><\/p>\n<p>Divendres passat, els nens i nenes de 5\u00e8 van regalar poemes als infants d&#8217;I5: als Blaus i Grocs, que el curs vinent seran els seus fillols lectors.<\/p>\n<p>Tenien com a objectiu recitar uns poemes acompanyats art\u00edsticament: amb m\u00fasica i\/o sons, amb instruments, amb el cos, etc. El proc\u00e9s es va dur a terme durant la setmana passada. Primer de tot van escollir quin poema els agradava i, despr\u00e9s, segons la tem\u00e0tica, es van ajuntar.<\/p>\n<p>Cada grup va estar treballant en la presentaci\u00f3 dels poemes. El resultat va ser bonic i els nens i nenes d&#8217;I5 van agra\u00efr el regal po\u00e8tic.<\/p>\n<p>Us compartim la carpeta amb les <a href=\"https:\/\/photos.app.goo.gl\/cRhXzSDFr9EYBN546\">imatges<\/a>.<\/p>\n","protected":false},"excerpt":{"rendered":"<p>Divendres passat, els nens i nenes de 5\u00e8 van regalar poemes als infants d&#8217;I5: als Blaus i Grocs, que el curs vinent seran els seus fillols lectors.<br \/>\nTenien com a objectiu recitar uns poemes acompanyats art\u00edsticament: amb m\u00fasica i\/o sons, amb instruments, amb el cos, etc.&hellip;  <a href=\"https:\/\/agora.xtec.cat\/esc-lasiniamolins\/portada\/a-5e-regalem-poemes-a-i5\/\" title=\"Read A 5\u00e8 regalem poemes a I5\">Llegeix m\u00e9s\u00bb<\/a><\/p>\n","protected":false},"author":8,"featured_media":0,"comment_status":"open","ping_status":"closed","sticky":false,"template":"","format":"standard","meta":{"_bbp_topic_count":0,"_bbp_reply_count":0,"_bbp_total_topic_count":0,"_bbp_total_reply_count":0,"_bbp_voice_count":0,"_bbp_anonymous_reply_count":0,"_bbp_topic_count_hidden":0,"_bbp_reply_count_hidden":0,"_bbp_forum_subforum_count":0,"footnotes":""},"categories":[13,14,15,209,9,4],"tags":[72,272,336,339,337,338],"class_list":["post-2404","post","type-post","status-publish","format-standard","hentry","category-4t","category-5e","category-6e","category-grans","category-p5","category-portada","tag-5e","tag-art","tag-compartir","tag-i5","tag-poesia","tag-santjordi"],"post_mailing_queue_ids":[],"_links":{"self":[{"href":"https:\/\/agora.xtec.cat\/esc-lasiniamolins\/wp-json\/wp\/v2\/posts\/2404","targetHints":{"allow":["GET"]}}],"collection":[{"href":"https:\/\/agora.xtec.cat\/esc-lasiniamolins\/wp-json\/wp\/v2\/posts"}],"about":[{"href":"https:\/\/agora.xtec.cat\/esc-lasiniamolins\/wp-json\/wp\/v2\/types\/post"}],"author":[{"embeddable":true,"href":"https:\/\/agora.xtec.cat\/esc-lasiniamolins\/wp-json\/wp\/v2\/users\/8"}],"replies":[{"embeddable":true,"href":"https:\/\/agora.xtec.cat\/esc-lasiniamolins\/wp-json\/wp\/v2\/comments?post=2404"}],"version-history":[{"count":3,"href":"https:\/\/agora.xtec.cat\/esc-lasiniamolins\/wp-json\/wp\/v2\/posts\/2404\/revisions"}],"predecessor-version":[{"id":2412,"href":"https:\/\/agora.xtec.cat\/esc-lasiniamolins\/wp-json\/wp\/v2\/posts\/2404\/revisions\/2412"}],"wp:attachment":[{"href":"https:\/\/agora.xtec.cat\/esc-lasiniamolins\/wp-json\/wp\/v2\/media?parent=2404"}],"wp:term":[{"taxonomy":"category","embeddable":true,"href":"https:\/\/agora.xtec.cat\/esc-lasiniamolins\/wp-json\/wp\/v2\/categories?post=2404"},{"taxonomy":"post_tag","embeddable":true,"href":"https:\/\/agora.xtec.cat\/esc-lasiniamolins\/wp-json\/wp\/v2\/tags?post=2404"}],"curies":[{"name":"wp","href":"https:\/\/api.w.org\/{rel}","templated":true}]}}