{"id":2336,"date":"2023-04-08T20:27:12","date_gmt":"2023-04-08T18:27:12","guid":{"rendered":"https:\/\/agora.xtec.cat\/esc-lasiniamolins\/?p=2336"},"modified":"2023-04-08T20:27:12","modified_gmt":"2023-04-08T18:27:12","slug":"projecte-museu-prehistoric-la-sinia-i4-liles","status":"publish","type":"post","link":"https:\/\/agora.xtec.cat\/esc-lasiniamolins\/portada\/projecte-museu-prehistoric-la-sinia-i4-liles\/","title":{"rendered":"PROJECTE MUSEU PREHIST\u00d2RIC LA S\u00cdNIA I4 LILES"},"content":{"rendered":"<p style=\"text-align: left;\"><span style=\"font-weight: 400;\">El dia 23 de febrer els infants d&#8217;I4 van anar a Barcelona a visitar el Museu d&#8217;Hist\u00f2ria de Catalunya, all\u00e0 van veure una casa de la prehist\u00f2ria a mida real, amb molts objectes que els hi van cridar molt l&#8217;atenci\u00f3.<\/span><\/p>\n<p><span style=\"font-weight: 400;\">Despr\u00e9s a l&#8217;escola van mirar les fotografies del museu i van comen\u00e7ar a fer-se preguntes sobre els prehist\u00f2rics, com vivien? Quins objectes feien servir? Si tenien botigues per comprar? I aix\u00ed va n\u00e9ixer aquest projecte del segon trimestre on han decidit crear un Museu Prehist\u00f2ric a la classe i organitzar una gran inauguraci\u00f3 amb totes les fam\u00edlies per compartir tot el que han investigat sobre el pas del temps.<\/span><\/p>\n<p>Clicant als t\u00edtols teniu totes les fotografies de la sortida a Barcelona i de tot el proc\u00e9s del projecte, us animo a que les mireu amb els vostres fills i filles.<\/p>\n<p><a href=\"https:\/\/photos.app.goo.gl\/HrpRS9DXzc3yT2zg9\">SORTIDA MUSEU HIST\u00d2RIA DE CATALUNYA<\/a><br style=\"font-weight: 400;\" \/><br style=\"font-weight: 400;\" \/><\/p>\n<p><a href=\"https:\/\/photos.app.goo.gl\/doBEEXLwUfNdWZME7\">PROJECTE MUSEU PREHIST\u00d2RIC LA S\u00cdNIA<\/a><\/p>\n<p>&nbsp;<\/p>\n<p><img loading=\"lazy\" decoding=\"async\" class=\"aligncenter size-full wp-image-2337\" src=\"https:\/\/agora.xtec.cat\/esc-lasiniamolins\/wp-content\/uploads\/usu2018\/2023\/04\/IMG_9794.jpg\" alt=\"MUSEU PREHIST\u00d2RIC LA S\u00cdNIA\" width=\"1920\" height=\"1440\" srcset=\"https:\/\/agora.xtec.cat\/esc-lasiniamolins\/wp-content\/uploads\/usu2018\/2023\/04\/IMG_9794.jpg 1920w, https:\/\/agora.xtec.cat\/esc-lasiniamolins\/wp-content\/uploads\/usu2018\/2023\/04\/IMG_9794-300x225.jpg 300w, https:\/\/agora.xtec.cat\/esc-lasiniamolins\/wp-content\/uploads\/usu2018\/2023\/04\/IMG_9794-1024x768.jpg 1024w, https:\/\/agora.xtec.cat\/esc-lasiniamolins\/wp-content\/uploads\/usu2018\/2023\/04\/IMG_9794-768x576.jpg 768w, https:\/\/agora.xtec.cat\/esc-lasiniamolins\/wp-content\/uploads\/usu2018\/2023\/04\/IMG_9794-1536x1152.jpg 1536w, https:\/\/agora.xtec.cat\/esc-lasiniamolins\/wp-content\/uploads\/usu2018\/2023\/04\/IMG_9794-200x150.jpg 200w\" sizes=\"auto, (max-width: 1920px) 100vw, 1920px\" \/><\/p>\n","protected":false},"excerpt":{"rendered":"<p>El dia 23 de febrer els infants d&#8217;I4 van anar a Barcelona a visitar el Museu d&#8217;Hist\u00f2ria de Catalunya, all\u00e0 van veure una casa de la prehist\u00f2ria a mida real, amb molts objectes que els hi van cridar molt l&#8217;atenci\u00f3.<br \/>\nDespr\u00e9s a l&#8217;escola van mirar les&hellip;  <a href=\"https:\/\/agora.xtec.cat\/esc-lasiniamolins\/portada\/projecte-museu-prehistoric-la-sinia-i4-liles\/\" title=\"Read PROJECTE MUSEU PREHIST\u00d2RIC LA S\u00cdNIA I4 LILES\">Llegeix m\u00e9s\u00bb<\/a><\/p>\n","protected":false},"author":8,"featured_media":0,"comment_status":"open","ping_status":"closed","sticky":false,"template":"","format":"standard","meta":{"_bbp_topic_count":0,"_bbp_reply_count":0,"_bbp_total_topic_count":0,"_bbp_total_reply_count":0,"_bbp_voice_count":0,"_bbp_anonymous_reply_count":0,"_bbp_topic_count_hidden":0,"_bbp_reply_count_hidden":0,"_bbp_forum_subforum_count":0,"footnotes":""},"categories":[8,207,4],"tags":[202,82,79,91],"class_list":["post-2336","post","type-post","status-publish","format-standard","hentry","category-p4","category-petits","category-portada","tag-curs-22-23","tag-liles","tag-p4","tag-projecte"],"post_mailing_queue_ids":[],"_links":{"self":[{"href":"https:\/\/agora.xtec.cat\/esc-lasiniamolins\/wp-json\/wp\/v2\/posts\/2336","targetHints":{"allow":["GET"]}}],"collection":[{"href":"https:\/\/agora.xtec.cat\/esc-lasiniamolins\/wp-json\/wp\/v2\/posts"}],"about":[{"href":"https:\/\/agora.xtec.cat\/esc-lasiniamolins\/wp-json\/wp\/v2\/types\/post"}],"author":[{"embeddable":true,"href":"https:\/\/agora.xtec.cat\/esc-lasiniamolins\/wp-json\/wp\/v2\/users\/8"}],"replies":[{"embeddable":true,"href":"https:\/\/agora.xtec.cat\/esc-lasiniamolins\/wp-json\/wp\/v2\/comments?post=2336"}],"version-history":[{"count":3,"href":"https:\/\/agora.xtec.cat\/esc-lasiniamolins\/wp-json\/wp\/v2\/posts\/2336\/revisions"}],"predecessor-version":[{"id":2340,"href":"https:\/\/agora.xtec.cat\/esc-lasiniamolins\/wp-json\/wp\/v2\/posts\/2336\/revisions\/2340"}],"wp:attachment":[{"href":"https:\/\/agora.xtec.cat\/esc-lasiniamolins\/wp-json\/wp\/v2\/media?parent=2336"}],"wp:term":[{"taxonomy":"category","embeddable":true,"href":"https:\/\/agora.xtec.cat\/esc-lasiniamolins\/wp-json\/wp\/v2\/categories?post=2336"},{"taxonomy":"post_tag","embeddable":true,"href":"https:\/\/agora.xtec.cat\/esc-lasiniamolins\/wp-json\/wp\/v2\/tags?post=2336"}],"curies":[{"name":"wp","href":"https:\/\/api.w.org\/{rel}","templated":true}]}}