{"id":2320,"date":"2023-03-29T16:55:26","date_gmt":"2023-03-29T14:55:26","guid":{"rendered":"https:\/\/agora.xtec.cat\/esc-lasiniamolins\/?p=2320"},"modified":"2023-03-29T16:54:39","modified_gmt":"2023-03-29T14:54:39","slug":"treball-pel-col%c2%b7lectiu-6e","status":"publish","type":"post","link":"https:\/\/agora.xtec.cat\/esc-lasiniamolins\/general\/treball-pel-col%c2%b7lectiu-6e\/","title":{"rendered":"TREBALL PEL COL\u00b7LECTIU 6\u00e8"},"content":{"rendered":"<p style=\"text-align: left;\"><span style=\"font-weight: 400;\">Fa m\u00e9s de deu anys que 6\u00e8 tenim un treball pel col\u00b7lectiu ben especial. Un cop hem participat en totes les propostes dels cursos anteriors: esmorzars compartits, tovalloles, plantes, reciclatge de paper, biblioteca, pati\u2026 que se centren a ajudar dins l\u2019escola.\u00a0<\/span><\/p>\n<p><span style=\"font-weight: 400;\">L\u2019\u00faltim curs fem una aportaci\u00f3 a l\u2019entorn, aix\u00ed que sortim de l\u2019edifici i fem una col\u00b7laboraci\u00f3 amb els usuaris de la Cl\u00ednica Molins, tant del centre de dia com de planta. Aquest treball pel col\u00b7lectiu t\u00e9 nom propi i l\u2019anomenem:<\/span><\/p>\n<p style=\"text-align: center;\"><b>Aprendre entre generacions<\/b><\/p>\n<p><span style=\"font-weight: 400;\">Cada dimecres prop d\u2019una desena d\u2019infants els dimecres travessem el passeig del Terrapl\u00e8 i ens posem la mascareta per fer quatre sessions on avis i \u00e0vies amb els infants de l\u2019escola ens coneixem i participem en activitats conjuntament.<\/span><\/p>\n<p><span style=\"font-weight: 400;\">Les activitats van variant per\u00f2 segueixen aquesta estructura:\u00a0<\/span><\/p>\n<p><span style=\"font-weight: 400;\">La primera sessi\u00f3 \u00e9s de presentaci\u00f3 cada noi o noia coneix el seu avi o \u00e0via i fem jocs de presentaci\u00f3 i activitats psicomotrius.\u00a0<\/span><\/p>\n<p><span style=\"font-weight: 400;\">A la segona, li diem activitat sorpresa perqu\u00e8 cada grup la fa diferent: hem anat a comprar, hem jugat al parx\u00eds, d\u00f2mino i bitlles, hem fet massatges de mans\u2026<\/span><\/p>\n<p><span style=\"font-weight: 400;\">A la tercera fem una entrevista que ens hem preparat a classe i que pret\u00e9n con\u00e8ixer amb m\u00e9s aprofundiment l\u2019avi o l\u2019\u00e0via i fer un bon escrit sobre la seva vida.\u00a0<\/span><\/p>\n<p><span style=\"font-weight: 400;\">I per \u00faltim, a la quarta sessi\u00f3, venen a visitar l\u2019escola i els mostrem com \u00e9s la nostra classe i els espais comuns. Acabem intercanviant un petit obsequi de record.<\/span><\/p>\n<p><span style=\"font-weight: 400;\">No cal que us expliquem que els beneficis d\u2019aquesta activitat s\u00f3n superlatius, tant en l&#8217;\u00e0mbit individual com col\u00b7lectiu. A m\u00e9s d\u2019afavorir l\u2019assoliment d\u2019objectius curriculars i fent una mirada cap a una Ciutadania democr\u00e0tica i consci\u00e8ncia global, aix\u00ed com el Benestar emocional tant d\u2019infants com dels adults que hi participem.<\/span><\/p>\n<p><span style=\"font-weight: 400;\">Sovint es generen vincles bonics que perduren amb el temps.<\/span><\/p>\n<figure class=\"figure wp-caption alignnone\"><a href=\"https:\/\/photos.app.goo.gl\/ifKUpUrqiaeUBj8u8\"><img loading=\"lazy\" decoding=\"async\" src=\"https:\/\/lh3.googleusercontent.com\/pw\/AMWts8DFv7wOiJw5hwHc-Q4BNx9yHJDR_-iE_3eN357NG_RzivynZv-OAmYnzWafJTBJICdt-UD-HCYkNpxICC9OuZ3qi6ykMwI9rUrfX-3muzkHlcL_Pe8px1_JXj-RIqwqmbbdWiQuoglnOiOPxd2myLb9=w833-h625-s-no?authuser=0\" alt=\"\" width=\"833\" height=\"625\" \/><\/a><figcaption class=\"wp-caption-text\">Si voleu veure les imatges nom\u00e9s heu de fer clic a sobre.<\/figcaption><\/figure>\n<p>&nbsp;<\/p>\n","protected":false},"excerpt":{"rendered":"<p>Fa m\u00e9s de deu anys que 6\u00e8 tenim un treball pel col\u00b7lectiu ben especial. Un cop hem participat en totes les propostes dels cursos anteriors: esmorzars compartits, tovalloles, plantes, reciclatge de paper, biblioteca, pati\u2026 que se centren a ajudar dins l\u2019escola.\u00a0<br \/>\nL\u2019\u00faltim curs fem una aportaci\u00f3&hellip;  <a href=\"https:\/\/agora.xtec.cat\/esc-lasiniamolins\/general\/treball-pel-col%c2%b7lectiu-6e\/\" title=\"Read TREBALL PEL COL\u00b7LECTIU 6\u00e8\">Llegeix m\u00e9s\u00bb<\/a><\/p>\n","protected":false},"author":8,"featured_media":0,"comment_status":"open","ping_status":"closed","sticky":false,"template":"","format":"standard","meta":{"_bbp_topic_count":0,"_bbp_reply_count":0,"_bbp_total_topic_count":0,"_bbp_total_reply_count":0,"_bbp_voice_count":0,"_bbp_anonymous_reply_count":0,"_bbp_topic_count_hidden":0,"_bbp_reply_count_hidden":0,"_bbp_forum_subforum_count":0,"footnotes":""},"categories":[15,209,4,1],"tags":[68,202,71,303],"class_list":["post-2320","post","type-post","status-publish","format-standard","hentry","category-6e","category-grans","category-portada","category-general","tag-6e","tag-curs-22-23","tag-sise","tag-treball-pel-collectiu"],"post_mailing_queue_ids":[],"_links":{"self":[{"href":"https:\/\/agora.xtec.cat\/esc-lasiniamolins\/wp-json\/wp\/v2\/posts\/2320","targetHints":{"allow":["GET"]}}],"collection":[{"href":"https:\/\/agora.xtec.cat\/esc-lasiniamolins\/wp-json\/wp\/v2\/posts"}],"about":[{"href":"https:\/\/agora.xtec.cat\/esc-lasiniamolins\/wp-json\/wp\/v2\/types\/post"}],"author":[{"embeddable":true,"href":"https:\/\/agora.xtec.cat\/esc-lasiniamolins\/wp-json\/wp\/v2\/users\/8"}],"replies":[{"embeddable":true,"href":"https:\/\/agora.xtec.cat\/esc-lasiniamolins\/wp-json\/wp\/v2\/comments?post=2320"}],"version-history":[{"count":3,"href":"https:\/\/agora.xtec.cat\/esc-lasiniamolins\/wp-json\/wp\/v2\/posts\/2320\/revisions"}],"predecessor-version":[{"id":2328,"href":"https:\/\/agora.xtec.cat\/esc-lasiniamolins\/wp-json\/wp\/v2\/posts\/2320\/revisions\/2328"}],"wp:attachment":[{"href":"https:\/\/agora.xtec.cat\/esc-lasiniamolins\/wp-json\/wp\/v2\/media?parent=2320"}],"wp:term":[{"taxonomy":"category","embeddable":true,"href":"https:\/\/agora.xtec.cat\/esc-lasiniamolins\/wp-json\/wp\/v2\/categories?post=2320"},{"taxonomy":"post_tag","embeddable":true,"href":"https:\/\/agora.xtec.cat\/esc-lasiniamolins\/wp-json\/wp\/v2\/tags?post=2320"}],"curies":[{"name":"wp","href":"https:\/\/api.w.org\/{rel}","templated":true}]}}