{"id":2315,"date":"2023-03-20T20:51:22","date_gmt":"2023-03-20T19:51:22","guid":{"rendered":"https:\/\/agora.xtec.cat\/esc-lasiniamolins\/?p=2315"},"modified":"2023-04-12T13:53:55","modified_gmt":"2023-04-12T11:53:55","slug":"sortida-a-la-rierada-i3","status":"publish","type":"post","link":"https:\/\/agora.xtec.cat\/esc-lasiniamolins\/general\/petits\/p3\/sortida-a-la-rierada-i3\/","title":{"rendered":"SORTIDA A LA RIERADA I3"},"content":{"rendered":"<p>Apropar-nos a la natura i sentir-nos part d&#8217;ella \u00e9s molt important&#8230; apropar-nos a aquesta amb els infants esdev\u00e9 divertida, misteriosa i sorprenent. Aix\u00ed va ser la nostra sortida a la Rierada, on els infants van experimentar sensacions divertides, agradables i, fins i tot, desagradables&#8230; Tota una experi\u00e8ncia que ben segur els va omplir molt.<\/p>\n<p>Aqu\u00ed us deixem unes quantes imatges d&#8217;aquest primer dia de primavera!<\/p>\n<p><a href=\"https:\/\/photos.app.goo.gl\/fGVFTddLJGCnMcLa8\"><img loading=\"lazy\" decoding=\"async\" class=\"alignnone size-large\" src=\"https:\/\/lh3.googleusercontent.com\/pw\/AJFCJaXYzoqLd7VzJuiIRt6xruDFx-1Ls4QVn6VUPiYIGc4ntNRraSiwtOHLoj4s0zXV4Vv2dtJC4VjFkh44tj0HLtNBFxRqnWdGoGR_ftrlfBK9vH6QRQnLSD_lfkj0LNjGq-doEOtpXpaQmCLaTqbLfVc_=w1217-h914-s-no?authuser=0\" width=\"1217\" height=\"914\" \/><\/a><\/p>\n<p>&nbsp;<\/p>\n","protected":false},"excerpt":{"rendered":"<p>Apropar-nos a la natura i sentir-nos part d&#8217;ella \u00e9s molt important&#8230; apropar-nos a aquesta amb els infants esdev\u00e9 divertida, misteriosa i sorprenent. Aix\u00ed va ser la nostra sortida a la Rierada, on els infants van experimentar sensacions divertides, agradables i, fins i tot, desagradables&#8230; Tota&hellip;  <a href=\"https:\/\/agora.xtec.cat\/esc-lasiniamolins\/general\/petits\/p3\/sortida-a-la-rierada-i3\/\" title=\"Read SORTIDA A LA RIERADA I3\">Llegeix m\u00e9s\u00bb<\/a><\/p>\n","protected":false},"author":1,"featured_media":0,"comment_status":"open","ping_status":"closed","sticky":false,"template":"","format":"standard","meta":{"_bbp_topic_count":0,"_bbp_reply_count":0,"_bbp_total_topic_count":0,"_bbp_total_reply_count":0,"_bbp_voice_count":0,"_bbp_anonymous_reply_count":0,"_bbp_topic_count_hidden":0,"_bbp_reply_count_hidden":0,"_bbp_forum_subforum_count":0,"footnotes":""},"categories":[3,207,4],"tags":[202,325,176,324],"class_list":["post-2315","post","type-post","status-publish","format-standard","hentry","category-p3","category-petits","category-portada","tag-curs-22-23","tag-rierada","tag-sortida","tag-taronges-i-verds"],"post_mailing_queue_ids":[],"_links":{"self":[{"href":"https:\/\/agora.xtec.cat\/esc-lasiniamolins\/wp-json\/wp\/v2\/posts\/2315","targetHints":{"allow":["GET"]}}],"collection":[{"href":"https:\/\/agora.xtec.cat\/esc-lasiniamolins\/wp-json\/wp\/v2\/posts"}],"about":[{"href":"https:\/\/agora.xtec.cat\/esc-lasiniamolins\/wp-json\/wp\/v2\/types\/post"}],"author":[{"embeddable":true,"href":"https:\/\/agora.xtec.cat\/esc-lasiniamolins\/wp-json\/wp\/v2\/users\/1"}],"replies":[{"embeddable":true,"href":"https:\/\/agora.xtec.cat\/esc-lasiniamolins\/wp-json\/wp\/v2\/comments?post=2315"}],"version-history":[{"count":3,"href":"https:\/\/agora.xtec.cat\/esc-lasiniamolins\/wp-json\/wp\/v2\/posts\/2315\/revisions"}],"predecessor-version":[{"id":2368,"href":"https:\/\/agora.xtec.cat\/esc-lasiniamolins\/wp-json\/wp\/v2\/posts\/2315\/revisions\/2368"}],"wp:attachment":[{"href":"https:\/\/agora.xtec.cat\/esc-lasiniamolins\/wp-json\/wp\/v2\/media?parent=2315"}],"wp:term":[{"taxonomy":"category","embeddable":true,"href":"https:\/\/agora.xtec.cat\/esc-lasiniamolins\/wp-json\/wp\/v2\/categories?post=2315"},{"taxonomy":"post_tag","embeddable":true,"href":"https:\/\/agora.xtec.cat\/esc-lasiniamolins\/wp-json\/wp\/v2\/tags?post=2315"}],"curies":[{"name":"wp","href":"https:\/\/api.w.org\/{rel}","templated":true}]}}