{"id":2311,"date":"2023-06-21T00:10:16","date_gmt":"2023-06-20T22:10:16","guid":{"rendered":"https:\/\/agora.xtec.cat\/esc-lasiniamolins\/?p=2311"},"modified":"2023-06-21T00:10:16","modified_gmt":"2023-06-20T22:10:16","slug":"com-fer-un-gelat-daigua","status":"publish","type":"post","link":"https:\/\/agora.xtec.cat\/esc-lasiniamolins\/general\/com-fer-un-gelat-daigua\/","title":{"rendered":"COM FER UN GELAT D&#8217;AIGUA?"},"content":{"rendered":"<p><strong>L\u2019aigua<\/strong> \u00e9s un recurs natural molt present en el nostre dia a dia, que t\u00e9 propietats molt interessants i sorprenents per als infants i que ens ofereix un context quotidi\u00e0 idoni per desenvolupar el treball cient\u00edfic a Educaci\u00f3 Infantil.<\/p>\n<p>Per aix\u00f2 durant aquestes \u00faltimes setmanes en entrar a l\u2019aula els Taronges i els Verds s\u2019han trobat el \u201cRac\u00f3 de l\u2019aigua\u201d, una proposta on ells\/es han pogut explorar, de manera l\u00fadica i aut\u00f2noma, les caracter\u00edstiques i propietats d\u2019aquest recurs, una proposta de ci\u00e8ncia primerenca, per plantar i fer cr\u00e9ixer la llavor del pensament cient\u00edfic.<\/p>\n<p>A partir d\u2019aqu\u00ed s\u2019ha iniciat el projecte sobre l\u2019aigua i amb un repte molt clar, volien fer un gelat d\u2019aigua. Amb aquesta premissa han hagut d\u2019investigar per descobrir quines caracter\u00edstiques tenia l\u2019aigua i comparant-les amb les que t\u00e9 un gelat.<\/p>\n<p style=\"text-align: center;\"><span style=\"text-decoration: underline;\"><strong>EXPERIMENTEM<\/strong><\/span><\/p>\n<p>A partir dels diferents experiments que s\u2019han anat fent al voltant de l\u2019aigua, els han ajudat a entendre algunes de les<span style=\"font-family: inherit; font-size: 1em;\">\u00a0seves propietats: Quin gust t\u00e9?, quina olor fa?, de quin color \u00e9s?, i quina forma t\u00e9?<\/span><\/p>\n<p>Durant dues sessions cadascun<a href=\"https:\/\/photos.app.goo.gl\/596rEU47aXdKJ4iW6\"><img loading=\"lazy\" decoding=\"async\" class=\"alignleft\" src=\"https:\/\/lh3.googleusercontent.com\/pw\/AMWts8DVr9kNcQFz1pFaetPjKNk4iujUctuw17dNyNZcsNkIdD_MF6VE3idzd6UBt14qYqrIgvlZ-iNEhr1hsUPLW-fvPBtZE4CIP4fY-xMAZxvK21zOt-mvTsSg6p59Ts94a9xDjBUVXG8eoQQAQZygsHfs=w1218-h914-s-no?authuser=0\" alt=\"\" width=\"452\" height=\"339\" \/><\/a><\/p>\n<p>dels infants han pogut experimentar lliurement amb una \u00fanica consigna: cal interaccionar amb l\u2019aigua amb el sentit que ens indica la imatge: la vista, el gust, l\u2019olfacte i el tacte, per tal d\u2019actuar i aix\u00ed extreure\u2019n conclusions.<\/p>\n<p>&nbsp;<\/p>\n<p>Despr\u00e9s d\u2019aquestes primeres sessions, es recuperen les diferents propostes d\u2019experimentaci\u00f3 i ara de manera m\u00e9s dirigida es provoca la situaci\u00f3 per anar recuperant idees, conclusions i anar posant fil a l\u2019agulla per avan\u00e7at en el projecte.<\/p>\n<p>&nbsp;<\/p>\n<p>&nbsp;<\/p>\n<p style=\"text-align: center;\"><strong>QUIN GUST T\u00c9 L\u2019AIGUA?<\/strong><\/p>\n<p style=\"text-align: center;\">Ens trobem a la rotllana, al voltant de la safata d\u2019investigaci\u00f3 i llencem la pregunta:<\/p>\n<p style=\"text-align: center;\">Quin gust t\u00e9 l\u2019aigua? I els gelats? &#8211; Gust d\u2019aigua!! &#8211; afirmen alguns dels infants.<\/p>\n<p style=\"text-align: center;\">I com \u00e9s aquest gust? Dol\u00e7? Salat? &#8211; No t\u00e9 gust &#8211; e<span style=\"font-family: inherit; font-size: 1em;\">n d<\/span><span style=\"font-family: inherit; font-size: 1em;\">iuen uns altres\u2026<\/span><\/p>\n<p>&nbsp;<\/p>\n<p><a href=\"https:\/\/photos.app.goo.gl\/wdjhx5kz38KNLdZH9\"><img loading=\"lazy\" decoding=\"async\" class=\"aligncenter\" src=\"https:\/\/lh3.googleusercontent.com\/pw\/AJFCJaWoQBL0cwJdjom_OL2_HH9O-qg_2jRGuNPKfuS8zMSkPltUUE9FlSWPgaLMotr-Fcxy1NMWncLQYqdGUqhOAeEqAyg29nPKBwWOzMYtD3NWdNOun8G0_hPfz1TtLHTPaZyZmt0jcbnI8qyS2lbVevg2=w686-h914-s-no?authuser=0\" width=\"207\" height=\"277\" \/><\/a><\/p>\n<p>&nbsp;<\/p>\n<p style=\"text-align: center;\"><strong><span style=\"font-family: inherit; font-size: 1em;\">QUINA OLOR FA L\u2019AIGUA?<\/span><\/strong><\/p>\n<p>Ens tornem a trobar a la rotllana al voltant de la safata d\u2019investigaci\u00f3 per recuperar una altra pregunta: Quina olor t\u00e9 l\u2019aigua? I els gelats? Ens passem un got d\u2019aigua i olorem.<\/p>\n<p>&nbsp;<\/p>\n<p><a style=\"color: #2795b6; text-align: center;\" href=\"https:\/\/photos.app.goo.gl\/RRJNFGrfHDSYi8zJ6\"><img loading=\"lazy\" decoding=\"async\" class=\"alignleft\" src=\"https:\/\/lh3.googleusercontent.com\/pw\/AJFCJaWG7DTQi76eRKRZJ0qFwFbRmVGLQdSaflYYfeLMfNI-XgBhvDEYHec_DEDo4ynvrYGnPl0m8gRLOhVeh0NzAbR4reYaLpTIBguGWMZGkEQOaSiJvqlzP2HbnCEor0Op9MfxmlXwRa34xrG-bmmJl40t=w686-h914-s-no?authuser=0\" width=\"244\" height=\"325\" \/><\/a><\/p>\n<p>Quina olor t\u00e9 l\u2019aigua?<\/p>\n<p style=\"text-align: left;\">No fa olor de res &#8211; responen.<br \/>\nI els gelats?<br \/>\nSi a maduixa\u2026<br \/>\nI a xocolata.<br \/>\nHo tenen molt clar l\u2019aigua no fa olor.<\/p>\n<p>&nbsp;<\/p>\n<p>&nbsp;<\/p>\n<p>&nbsp;<\/p>\n<p style=\"text-align: center;\"><strong>QUIN COLOR T\u00c9 L\u2019AIGUA?<\/strong><\/p>\n<p>Ens retrobem a la rotllana al voltant de la safata d\u2019investigaci\u00f3 i recuperem un altre<\/p>\n<p>&nbsp;<\/p>\n<p>de les preguntes: Quin color t\u00e9 l\u2019aigua? I els gelats? Cadascun dels infants diuen les seves respostes i van reflexionant al voltant de la pregunta basant-se en les seves experi\u00e8ncies pr\u00e8vies.<\/p>\n<p>\u00c9s blanca &#8211; afirma algun dels infants.<br \/>\nNooo!!!, \u00e9s transparent.<br \/>\nQu\u00e8 vol dir transparent?<\/p>\n<p>Que no t\u00e9 color!&#8230;<\/p>\n<p><a href=\"https:\/\/photos.app.goo.gl\/drkENCo4ojv2xYUt5\"><img loading=\"lazy\" decoding=\"async\" class=\"alignnone size-large\" src=\"https:\/\/lh3.googleusercontent.com\/pw\/AJFCJaVQhTHKzkOeAtyHjUTrDeaNweKDI_3UCuxdFWSbP-TDZu7fnfv7_sEeWMP_zqJH6fI6QvDjCoYEzaqvqjQnsOQT_vi6BHCX7iMWQQOnmMXHWm6NSOMrsYxbbAaOJgkS6wUTDGCPDf3mxCtd1fe5u1ec=w1218-h914-s-no?authuser=0\" width=\"1218\" height=\"914\" \/><\/a><\/p>\n<p>&nbsp;<\/p>\n<p style=\"text-align: center;\"><strong>QUINA FORMA T\u00c9 L\u2019AIGUA?<\/strong><\/p>\n<p>Durant el proc\u00e9s per analitzar les caracter\u00edstiques de l\u2019aigua i comparar-les amb les del gelat, vam parlar del fred, el gel, la forma, el congelador, la nevera\u2026 Una de les din\u00e0miques que es van dur a terme va ser posar aigua i altres elements al congelador i la nevera per veure que passava.<\/p>\n<p><a href=\"https:\/\/photos.app.goo.gl\/M5QBLSZdVfUsAZ2u7\"><img loading=\"lazy\" decoding=\"async\" class=\" aligncenter\" src=\"https:\/\/lh3.googleusercontent.com\/pw\/AJFCJaVkDOx4bRvEmyHmFkHwmnEGDvgkYzMecj5p7T7azZrkKWv0N5s2YNjSL3PjuhyFuXnw8afEDC0cS5r3mOtFCHrUy4bqy0YJHFszeTjNn2BZGbuuQBwuuD7VFiz63_MuWBibm-PCpAP1beZU7XCHKWNK=w686-h914-s-no?authuser=0\" width=\"445\" height=\"593\" \/><\/a><\/p>\n<p>&nbsp;<\/p>\n<p style=\"text-align: center;\"><strong>EL GELAT<\/strong><\/p>\n<p>Despr\u00e9s de dies d\u2019investigaci\u00f3 ja est\u00e0vem preparats per fer el nostre gelat d\u2019aigua!! Calia donar color, olor, gust i forma a l\u2019aigua que surt de l\u2019aixeta, per tal de transformar-la en un delici\u00f3s gelat.<\/p>\n<p><a href=\"https:\/\/photos.app.goo.gl\/GA2zWybAg9HgrSHk6\"><img loading=\"lazy\" decoding=\"async\" class=\"alignnone size-large\" src=\"https:\/\/lh3.googleusercontent.com\/pw\/AJFCJaW5d2PbCLEOtajNFcSF6ZzSkEHzDWNRsAbcb5zNhlNt-qFV_8f2ahhTV8kmG5N5cU_Vzx0ssQYhQRQbU5ea_-MET7KMPLcum1WD8Q6q8IQpibwAfaUI3cOXHz-x1jpfnMajqrnWs9umi-BE-0GoYB8v=w1218-h914-s-no?authuser=0\" width=\"1218\" height=\"914\" \/><\/a><\/p>\n<p>&nbsp;<\/p>\n<p style=\"text-align: center;\"><strong>VENEN LES FAM\u00cdLIES<\/strong><\/p>\n<p>Despr\u00e9s de dies d\u2019investigacions, experimentacions, hip\u00f2tesis, i conclusions vam decidir que ho vol\u00edem fer p\u00fablic i explicar tot all\u00f2 que havien apr\u00e8s a les fam\u00edlies i compartir amb elles els gelats que havien fet.<\/p>\n<p><a href=\"https:\/\/photos.app.goo.gl\/w1viTaQRsa94zC3x8\"><img loading=\"lazy\" decoding=\"async\" class=\"alignnone size-large\" src=\"https:\/\/lh3.googleusercontent.com\/pw\/AJFCJaVU-NrOOoG4SN__Ex7n5NF3yBPNQSSRo_2o4c0bgByt6f7ofeOMoxwgPuLte6tPhL7aYLqgQROw2o0aBYBWRNBLFbs9KBl0eWdN20ou5WygwyE-8LkZlErMRh2RF3wXTDtDOcMZxw6viN5eIqEyU5bC=w1217-h914-s-no?authuser=0\" width=\"1217\" height=\"914\" \/><\/a><\/p>\n<p>&nbsp;<\/p>\n<p><iframe loading=\"lazy\" title=\"GELAT VERDS 22 23\" width=\"500\" height=\"281\" src=\"https:\/\/www.youtube.com\/embed\/0buC2kp4zgE?feature=oembed\" frameborder=\"0\" allow=\"accelerometer; autoplay; clipboard-write; encrypted-media; gyroscope; picture-in-picture; web-share\" referrerpolicy=\"strict-origin-when-cross-origin\" allowfullscreen><\/iframe><\/p>\n<p><iframe loading=\"lazy\" title=\"GELAT TARONGES 22 23\" width=\"500\" height=\"281\" src=\"https:\/\/www.youtube.com\/embed\/MlLh1XG0xro?feature=oembed\" frameborder=\"0\" allow=\"accelerometer; autoplay; clipboard-write; encrypted-media; gyroscope; picture-in-picture; web-share\" referrerpolicy=\"strict-origin-when-cross-origin\" allowfullscreen><\/iframe><\/p>\n","protected":false},"excerpt":{"rendered":"<p>L\u2019aigua \u00e9s un recurs natural molt present en el nostre dia a dia, que t\u00e9 propietats molt interessants i sorprenents per als infants i que ens ofereix un context quotidi\u00e0 idoni per desenvolupar el treball cient\u00edfic a Educaci\u00f3 Infantil.<br \/>\nPer aix\u00f2 durant aquestes \u00faltimes setmanes en&hellip;  <a href=\"https:\/\/agora.xtec.cat\/esc-lasiniamolins\/general\/com-fer-un-gelat-daigua\/\" title=\"Read COM FER UN GELAT D&#8217;AIGUA?\">Llegeix m\u00e9s\u00bb<\/a><\/p>\n","protected":false},"author":1,"featured_media":0,"comment_status":"open","ping_status":"closed","sticky":false,"template":"","format":"standard","meta":{"_bbp_topic_count":0,"_bbp_reply_count":0,"_bbp_total_topic_count":0,"_bbp_total_reply_count":0,"_bbp_voice_count":0,"_bbp_anonymous_reply_count":0,"_bbp_topic_count_hidden":0,"_bbp_reply_count_hidden":0,"_bbp_forum_subforum_count":0,"footnotes":""},"categories":[1],"tags":[],"class_list":["post-2311","post","type-post","status-publish","format-standard","hentry","category-general"],"post_mailing_queue_ids":[],"_links":{"self":[{"href":"https:\/\/agora.xtec.cat\/esc-lasiniamolins\/wp-json\/wp\/v2\/posts\/2311","targetHints":{"allow":["GET"]}}],"collection":[{"href":"https:\/\/agora.xtec.cat\/esc-lasiniamolins\/wp-json\/wp\/v2\/posts"}],"about":[{"href":"https:\/\/agora.xtec.cat\/esc-lasiniamolins\/wp-json\/wp\/v2\/types\/post"}],"author":[{"embeddable":true,"href":"https:\/\/agora.xtec.cat\/esc-lasiniamolins\/wp-json\/wp\/v2\/users\/1"}],"replies":[{"embeddable":true,"href":"https:\/\/agora.xtec.cat\/esc-lasiniamolins\/wp-json\/wp\/v2\/comments?post=2311"}],"version-history":[{"count":3,"href":"https:\/\/agora.xtec.cat\/esc-lasiniamolins\/wp-json\/wp\/v2\/posts\/2311\/revisions"}],"predecessor-version":[{"id":2622,"href":"https:\/\/agora.xtec.cat\/esc-lasiniamolins\/wp-json\/wp\/v2\/posts\/2311\/revisions\/2622"}],"wp:attachment":[{"href":"https:\/\/agora.xtec.cat\/esc-lasiniamolins\/wp-json\/wp\/v2\/media?parent=2311"}],"wp:term":[{"taxonomy":"category","embeddable":true,"href":"https:\/\/agora.xtec.cat\/esc-lasiniamolins\/wp-json\/wp\/v2\/categories?post=2311"},{"taxonomy":"post_tag","embeddable":true,"href":"https:\/\/agora.xtec.cat\/esc-lasiniamolins\/wp-json\/wp\/v2\/tags?post=2311"}],"curies":[{"name":"wp","href":"https:\/\/api.w.org\/{rel}","templated":true}]}}