{"id":2140,"date":"2024-02-15T09:00:00","date_gmt":"2024-02-15T08:00:00","guid":{"rendered":"https:\/\/agora.xtec.cat\/esc-lasiniamolins\/?p=2140"},"modified":"2024-02-15T11:02:18","modified_gmt":"2024-02-15T10:02:18","slug":"portes-obertes-per-a-professionals-de-leducacio","status":"publish","type":"post","link":"https:\/\/agora.xtec.cat\/esc-lasiniamolins\/general\/portes-obertes-per-a-professionals-de-leducacio\/","title":{"rendered":"Portes obertes per a professionals de l&#8217;educaci\u00f3."},"content":{"rendered":"<p>Un any m\u00e9s, oferim una jornada de portes obertes el dia 7 de mar\u00e7 de 9 a 12:30. Amb l&#8217;objectiu de poder viure i compartir el nostre projecte d&#8217;escola amb altres docents.<\/p>\n<p>Si teniu inter\u00e8s a visitar-nos, accediu al <a href=\"https:\/\/docs.google.com\/forms\/d\/e\/1FAIpQLSfOg_HRRRcpuRmQ7ADgDs7QN8gulF91VueiS_O8riJx_oZ6gA\/viewform?usp=sf_link\">formulari<\/a>.<\/p>\n<p>&nbsp;<\/p>\n<p><img loading=\"lazy\" decoding=\"async\" class=\"aligncenter size-full wp-image-2145\" src=\"https:\/\/agora.xtec.cat\/esc-lasiniamolins\/wp-content\/uploads\/usu2018\/2023\/01\/P1040841.jpg\" alt=\"\" width=\"1000\" height=\"750\" srcset=\"https:\/\/agora.xtec.cat\/esc-lasiniamolins\/wp-content\/uploads\/usu2018\/2023\/01\/P1040841.jpg 1000w, https:\/\/agora.xtec.cat\/esc-lasiniamolins\/wp-content\/uploads\/usu2018\/2023\/01\/P1040841-300x225.jpg 300w, https:\/\/agora.xtec.cat\/esc-lasiniamolins\/wp-content\/uploads\/usu2018\/2023\/01\/P1040841-768x576.jpg 768w, https:\/\/agora.xtec.cat\/esc-lasiniamolins\/wp-content\/uploads\/usu2018\/2023\/01\/P1040841-200x150.jpg 200w\" sizes=\"auto, (max-width: 1000px) 100vw, 1000px\" \/><\/p>\n","protected":false},"excerpt":{"rendered":"<p>Un any m\u00e9s, oferim una jornada de portes obertes el dia 7 de mar\u00e7 de 9 a 12:30. Amb l&#8217;objectiu de poder viure i compartir el nostre projecte d&#8217;escola amb altres docents.<br \/>\nSi teniu inter\u00e8s a visitar-nos, accediu al <a href=\"https:\/\/docs.google.com\/forms\/d\/e\/1FAIpQLSfOg_HRRRcpuRmQ7ADgDs7QN8gulF91VueiS_O8riJx_oZ6gA\/viewform?usp=sf_link\">formulari<\/a>.<br \/>\n&nbsp;<\/p>\n","protected":false},"author":1,"featured_media":0,"comment_status":"open","ping_status":"closed","sticky":false,"template":"","format":"standard","meta":{"_bbp_topic_count":0,"_bbp_reply_count":0,"_bbp_total_topic_count":0,"_bbp_total_reply_count":0,"_bbp_voice_count":0,"_bbp_anonymous_reply_count":0,"_bbp_topic_count_hidden":0,"_bbp_reply_count_hidden":0,"_bbp_forum_subforum_count":0,"footnotes":""},"categories":[4,1],"tags":[289,290],"class_list":["post-2140","post","type-post","status-publish","format-standard","hentry","category-portada","category-general","tag-portes-obertes-docents","tag-projecte-descola"],"post_mailing_queue_ids":[],"_links":{"self":[{"href":"https:\/\/agora.xtec.cat\/esc-lasiniamolins\/wp-json\/wp\/v2\/posts\/2140","targetHints":{"allow":["GET"]}}],"collection":[{"href":"https:\/\/agora.xtec.cat\/esc-lasiniamolins\/wp-json\/wp\/v2\/posts"}],"about":[{"href":"https:\/\/agora.xtec.cat\/esc-lasiniamolins\/wp-json\/wp\/v2\/types\/post"}],"author":[{"embeddable":true,"href":"https:\/\/agora.xtec.cat\/esc-lasiniamolins\/wp-json\/wp\/v2\/users\/1"}],"replies":[{"embeddable":true,"href":"https:\/\/agora.xtec.cat\/esc-lasiniamolins\/wp-json\/wp\/v2\/comments?post=2140"}],"version-history":[{"count":5,"href":"https:\/\/agora.xtec.cat\/esc-lasiniamolins\/wp-json\/wp\/v2\/posts\/2140\/revisions"}],"predecessor-version":[{"id":3086,"href":"https:\/\/agora.xtec.cat\/esc-lasiniamolins\/wp-json\/wp\/v2\/posts\/2140\/revisions\/3086"}],"wp:attachment":[{"href":"https:\/\/agora.xtec.cat\/esc-lasiniamolins\/wp-json\/wp\/v2\/media?parent=2140"}],"wp:term":[{"taxonomy":"category","embeddable":true,"href":"https:\/\/agora.xtec.cat\/esc-lasiniamolins\/wp-json\/wp\/v2\/categories?post=2140"},{"taxonomy":"post_tag","embeddable":true,"href":"https:\/\/agora.xtec.cat\/esc-lasiniamolins\/wp-json\/wp\/v2\/tags?post=2140"}],"curies":[{"name":"wp","href":"https:\/\/api.w.org\/{rel}","templated":true}]}}