{"id":2116,"date":"2023-01-09T22:20:08","date_gmt":"2023-01-09T21:20:08","guid":{"rendered":"https:\/\/agora.xtec.cat\/esc-lasiniamolins\/?p=2116"},"modified":"2023-01-17T18:53:49","modified_gmt":"2023-01-17T17:53:49","slug":"un-petit-tastet-dangles","status":"publish","type":"post","link":"https:\/\/agora.xtec.cat\/esc-lasiniamolins\/portada\/un-petit-tastet-dangles\/","title":{"rendered":"Un petit tastet d&#8217;angl\u00e8s"},"content":{"rendered":"<p style=\"text-align: left;\">Els infants de Puig Madrona i Puig d&#8217;Olorda, aprofitant que a classe est\u00e0vem engrescats amb el projecte sobre les muntanyes, vam aprofitar per treballar-ho tamb\u00e9 en angl\u00e8s. Entre jocs i activitats, vam anar aprenent algunes de les can\u00e7ons. Aqu\u00ed us deixem una de les que m\u00e9s ens van agradar com a tastet del que fem a classe.<\/p>\n<p>Esperem que gaudiu tant com nosaltres!<\/p>\n<p style=\"text-align: center;\"><a href=\"http:\/\/https:\/\/youtu.be\/CuHFYq9tt0A\">Puig Madrona &#8211; I love the mountain<\/a><\/p>\n<p class=\"hide-if-no-js\"><a href=\"https:\/\/youtu.be\/CuHFYq9tt0A\"><img loading=\"lazy\" decoding=\"async\" class=\"attachment-266x266 aligncenter\" src=\"https:\/\/agora.xtec.cat\/esc-lasiniamolins\/wp-content\/uploads\/usu2018\/2023\/01\/Puig-Madrona.jpg\" alt=\"\" width=\"463\" height=\"263\" \/><\/a><\/p>\n<p style=\"text-align: center;\"><a href=\"https:\/\/youtu.be\/hvH-p2LIZ74\">Puig d&#8217;Olorda &#8211; I love the mountain<\/a><\/p>\n<p><a href=\"https:\/\/youtu.be\/hvH-p2LIZ74\"><img loading=\"lazy\" decoding=\"async\" class=\"aligncenter wp-image-2117\" src=\"https:\/\/agora.xtec.cat\/esc-lasiniamolins\/wp-content\/uploads\/usu2018\/2023\/01\/Puig-dOlorda.jpg\" alt=\"\" width=\"478\" height=\"282\" srcset=\"https:\/\/agora.xtec.cat\/esc-lasiniamolins\/wp-content\/uploads\/usu2018\/2023\/01\/Puig-dOlorda.jpg 1228w, https:\/\/agora.xtec.cat\/esc-lasiniamolins\/wp-content\/uploads\/usu2018\/2023\/01\/Puig-dOlorda-300x177.jpg 300w, https:\/\/agora.xtec.cat\/esc-lasiniamolins\/wp-content\/uploads\/usu2018\/2023\/01\/Puig-dOlorda-1024x605.jpg 1024w, https:\/\/agora.xtec.cat\/esc-lasiniamolins\/wp-content\/uploads\/usu2018\/2023\/01\/Puig-dOlorda-768x453.jpg 768w\" sizes=\"auto, (max-width: 478px) 100vw, 478px\" \/><\/a><\/p>\n","protected":false},"excerpt":{"rendered":"<p>Els infants de Puig Madrona i Puig d&#8217;Olorda, aprofitant que a classe est\u00e0vem engrescats amb el projecte sobre les muntanyes, vam aprofitar per treballar-ho tamb\u00e9 en angl\u00e8s. Entre jocs i activitats, vam anar aprenent algunes de les can\u00e7ons. Aqu\u00ed us deixem una de les que&hellip;  <a href=\"https:\/\/agora.xtec.cat\/esc-lasiniamolins\/portada\/un-petit-tastet-dangles\/\" title=\"Read Un petit tastet d&#8217;angl\u00e8s\">Llegeix m\u00e9s\u00bb<\/a><\/p>\n","protected":false},"author":8,"featured_media":2118,"comment_status":"open","ping_status":"closed","sticky":false,"template":"","format":"standard","meta":{"_bbp_topic_count":0,"_bbp_reply_count":0,"_bbp_total_topic_count":0,"_bbp_total_reply_count":0,"_bbp_voice_count":0,"_bbp_anonymous_reply_count":0,"_bbp_topic_count_hidden":0,"_bbp_reply_count_hidden":0,"_bbp_forum_subforum_count":0,"footnotes":""},"categories":[10,208,4],"tags":[270,106,105],"class_list":["post-2116","post","type-post","status-publish","format-standard","has-post-thumbnail","hentry","category-1r","category-mitjans","category-portada","tag-angles","tag-puig-dolorda","tag-puig-madrona"],"post_mailing_queue_ids":[],"_links":{"self":[{"href":"https:\/\/agora.xtec.cat\/esc-lasiniamolins\/wp-json\/wp\/v2\/posts\/2116","targetHints":{"allow":["GET"]}}],"collection":[{"href":"https:\/\/agora.xtec.cat\/esc-lasiniamolins\/wp-json\/wp\/v2\/posts"}],"about":[{"href":"https:\/\/agora.xtec.cat\/esc-lasiniamolins\/wp-json\/wp\/v2\/types\/post"}],"author":[{"embeddable":true,"href":"https:\/\/agora.xtec.cat\/esc-lasiniamolins\/wp-json\/wp\/v2\/users\/8"}],"replies":[{"embeddable":true,"href":"https:\/\/agora.xtec.cat\/esc-lasiniamolins\/wp-json\/wp\/v2\/comments?post=2116"}],"version-history":[{"count":3,"href":"https:\/\/agora.xtec.cat\/esc-lasiniamolins\/wp-json\/wp\/v2\/posts\/2116\/revisions"}],"predecessor-version":[{"id":2135,"href":"https:\/\/agora.xtec.cat\/esc-lasiniamolins\/wp-json\/wp\/v2\/posts\/2116\/revisions\/2135"}],"wp:featuredmedia":[{"embeddable":true,"href":"https:\/\/agora.xtec.cat\/esc-lasiniamolins\/wp-json\/wp\/v2\/media\/2118"}],"wp:attachment":[{"href":"https:\/\/agora.xtec.cat\/esc-lasiniamolins\/wp-json\/wp\/v2\/media?parent=2116"}],"wp:term":[{"taxonomy":"category","embeddable":true,"href":"https:\/\/agora.xtec.cat\/esc-lasiniamolins\/wp-json\/wp\/v2\/categories?post=2116"},{"taxonomy":"post_tag","embeddable":true,"href":"https:\/\/agora.xtec.cat\/esc-lasiniamolins\/wp-json\/wp\/v2\/tags?post=2116"}],"curies":[{"name":"wp","href":"https:\/\/api.w.org\/{rel}","templated":true}]}}