{"id":2068,"date":"2022-12-20T10:15:23","date_gmt":"2022-12-20T09:15:23","guid":{"rendered":"https:\/\/agora.xtec.cat\/esc-lasiniamolins\/?p=2068"},"modified":"2022-12-20T10:15:23","modified_gmt":"2022-12-20T09:15:23","slug":"articles-actualitat-i-mon","status":"publish","type":"post","link":"https:\/\/agora.xtec.cat\/esc-lasiniamolins\/general\/grans\/6e\/articles-actualitat-i-mon\/","title":{"rendered":"ARTICLES: ACTUALITAT I M\u00d3N"},"content":{"rendered":"<p><span style=\"font-weight: 400;\">L\u2019\u00faltim projecte que hem fet aquest trimestre ha estat el d\u2019Actualitat. Des de la R\u00e0dio Molins de Rei, l\u2019Oriol Romeu, ens va llen\u00e7ar el repte d\u2019escriure un article que recoll\u00eds les not\u00edcies m\u00e9s rellevants de l\u2019\u00faltima d\u00e8cada, per explicar-ho amb una tert\u00falia a la r\u00e0dio. Aqu\u00ed us deixem el recull del nostre producte final.<\/span><\/p>\n<p>&nbsp;<\/p>\n<p><span style=\"font-weight: 400;\">Articles Agulles d\u2019Amitges: <\/span><a href=\"https:\/\/drive.google.com\/drive\/u\/0\/folders\/1iZNz6joDv7USv6OH5dI-eQtCuWVV__Aw\"><span style=\"font-weight: 400;\">https:\/\/drive.google.com\/drive\/u\/0\/folders\/1iZNz6joDv7USv6OH5dI-eQtCuWVV__Aw<\/span><\/a><\/p>\n<p>&nbsp;<\/p>\n<p><span style=\"font-weight: 400;\">Articles Els Encantats: <\/span><a href=\"https:\/\/drive.google.com\/drive\/u\/0\/folders\/1z8UPG8ULv99gCNRATUPoLerXR-zzm3W2\"><span style=\"font-weight: 400;\">https:\/\/drive.google.com\/drive\/u\/0\/folders\/1z8UPG8ULv99gCNRATUPoLerXR-zzm3W2<\/span><\/a><\/p>\n<p>&nbsp;<\/p>\n<p><span style=\"font-weight: 400;\">Tert\u00falia a la r\u00e0dio: <\/span><a href=\"https:\/\/classroom.google.com\/u\/0\/w\/NTM2NzEzMDQ2OTUw\/t\/all\"><span style=\"font-weight: 400;\">https:\/\/classroom.google.com\/u\/0\/w\/NTM2NzEzMDQ2OTUw\/t\/all<\/span><\/a><\/p>\n<p>&nbsp;<\/p>\n","protected":false},"excerpt":{"rendered":"<p>L\u2019\u00faltim projecte que hem fet aquest trimestre ha estat el d\u2019Actualitat. Des de la R\u00e0dio Molins de Rei, l\u2019Oriol Romeu, ens va llen\u00e7ar el repte d\u2019escriure un article que recoll\u00eds les not\u00edcies m\u00e9s rellevants de l\u2019\u00faltima d\u00e8cada, per explicar-ho amb una tert\u00falia a la r\u00e0dio.&hellip;  <a href=\"https:\/\/agora.xtec.cat\/esc-lasiniamolins\/general\/grans\/6e\/articles-actualitat-i-mon\/\" title=\"Read ARTICLES: ACTUALITAT I M\u00d3N\">Llegeix m\u00e9s\u00bb<\/a><\/p>\n","protected":false},"author":1,"featured_media":0,"comment_status":"open","ping_status":"closed","sticky":false,"template":"","format":"standard","meta":{"_bbp_topic_count":0,"_bbp_reply_count":0,"_bbp_total_topic_count":0,"_bbp_total_reply_count":0,"_bbp_voice_count":0,"_bbp_anonymous_reply_count":0,"_bbp_topic_count_hidden":0,"_bbp_reply_count_hidden":0,"_bbp_forum_subforum_count":0,"footnotes":""},"categories":[15,209],"tags":[],"class_list":["post-2068","post","type-post","status-publish","format-standard","hentry","category-6e","category-grans"],"post_mailing_queue_ids":[],"_links":{"self":[{"href":"https:\/\/agora.xtec.cat\/esc-lasiniamolins\/wp-json\/wp\/v2\/posts\/2068","targetHints":{"allow":["GET"]}}],"collection":[{"href":"https:\/\/agora.xtec.cat\/esc-lasiniamolins\/wp-json\/wp\/v2\/posts"}],"about":[{"href":"https:\/\/agora.xtec.cat\/esc-lasiniamolins\/wp-json\/wp\/v2\/types\/post"}],"author":[{"embeddable":true,"href":"https:\/\/agora.xtec.cat\/esc-lasiniamolins\/wp-json\/wp\/v2\/users\/1"}],"replies":[{"embeddable":true,"href":"https:\/\/agora.xtec.cat\/esc-lasiniamolins\/wp-json\/wp\/v2\/comments?post=2068"}],"version-history":[{"count":1,"href":"https:\/\/agora.xtec.cat\/esc-lasiniamolins\/wp-json\/wp\/v2\/posts\/2068\/revisions"}],"predecessor-version":[{"id":2069,"href":"https:\/\/agora.xtec.cat\/esc-lasiniamolins\/wp-json\/wp\/v2\/posts\/2068\/revisions\/2069"}],"wp:attachment":[{"href":"https:\/\/agora.xtec.cat\/esc-lasiniamolins\/wp-json\/wp\/v2\/media?parent=2068"}],"wp:term":[{"taxonomy":"category","embeddable":true,"href":"https:\/\/agora.xtec.cat\/esc-lasiniamolins\/wp-json\/wp\/v2\/categories?post=2068"},{"taxonomy":"post_tag","embeddable":true,"href":"https:\/\/agora.xtec.cat\/esc-lasiniamolins\/wp-json\/wp\/v2\/tags?post=2068"}],"curies":[{"name":"wp","href":"https:\/\/api.w.org\/{rel}","templated":true}]}}